{"id":12463,"date":"2023-11-08T12:28:59","date_gmt":"2023-11-08T15:28:59","guid":{"rendered":"https:\/\/www.visionweb.com.ar\/?p=12463"},"modified":"2023-11-08T12:28:59","modified_gmt":"2023-11-08T15:28:59","slug":"el-gobernador-kicillof-se-reunion-con-intendentes-electos-del-conurbano","status":"publish","type":"post","link":"https:\/\/www.visionweb.com.ar\/?p=12463","title":{"rendered":"El Gobernador Kicillof se reuni\u00f3n con intendentes electos del conurbano"},"content":{"rendered":"<p><strong><em>La reuni\u00f3n apunto a realizar un balance sobre las perspectivas electorales para el pr\u00f3ximo 19 de noviembre. Las encuestas dan un cabeza a cabeza, con una diferencia muy peque\u00f1a entre los dos candidatos.\u00a0 \u00a0<\/em><\/strong><!--more--><\/p>\n<p><strong><img loading=\"lazy\" decoding=\"async\" class=\"size-medium wp-image-12464 alignright\" src=\"https:\/\/www.visionweb.com.ar\/wp-content\/uploads\/2023\/11\/INTENDENTES-300x169.png\" alt=\"\" width=\"300\" height=\"169\" srcset=\"https:\/\/www.visionweb.com.ar\/wp-content\/uploads\/2023\/11\/INTENDENTES-300x169.png 300w, https:\/\/www.visionweb.com.ar\/wp-content\/uploads\/2023\/11\/INTENDENTES.png 640w\" sizes=\"auto, (max-width: 300px) 100vw, 300px\" \/>C<\/strong>on la mirada puesta en las elecciones del 19 d noviembre y el balotaje, el gobernador bonaerense, Axel Kicillof\u00a0 recibi\u00f3 en la residencia provincial a los intendentes electos (Uni\u00f3n por la Patria), de la\u00a0 Tercera Secci\u00f3n electoral.<\/p>\n<p>El objetivo del encuentro tuvo como eje central pedirle a los alcaldes que asumir\u00e1n una nueva gesti\u00f3n o renovar\u00e1n su mandato a partir del 10 de diciembre, redoblar los esfuerzos con la mirada puesta en sumar la mayor cantidad de votos posibles en favor de l candidatura de Sergio Massa.<\/p>\n<p>Al respecto, Kicillof asegur\u00f3 que <strong>\u201cSeguimos conversando con las y los intendentes de Uni\u00f3n por la Patria sobre los desaf\u00edos que tenemos por delante\u201d.<\/strong><\/p>\n<p>\u201cJunto a los jefes comunales de la tercera secci\u00f3n repasamos los objetivos de gesti\u00f3n y el trabajo conjunto para consolidar el triunfo de Sergio Massa\u201d, el pr\u00f3ximo <strong>19 de noviembre\u00bb, <\/strong>enfatiz\u00f3 el mandatario provincial, que manejar\u00e1 los destinos de la Provincia por otros cuatro a\u00f1os, luego de su reelecci\u00f3n.<\/p>\n<p>Del encuentro participaron varios jefes comunales electos y reelectos locales; entre ellos, Mariano Cascallares (Almirante Brown), Jorge Ferraresi (Avellaneda); Gast\u00f3n Granados (Ezeiza); Federico Oterm\u00edn (Lomas de Zamora) y Nicol\u00e1s Mantegazza (San Vicente), entre otros.<\/p>\n<p>Tambi\u00e9n fueron de la partida la vicegobernadora reelecta Ver\u00f3nica Magario y miembros del Gabinete, entre los que se encontraban Carlos Bianco, jefe de Asesores; Andr\u00e9s \u00abCuervo\u00bb Larroque, ministro de Desarrollo de la Comunidad bonaerense, y Pablo L\u00f3pez, responsable de la cartera de Hacienda y Finanzas de la Provincia.<\/p>\n<p>\u201cNos reunimos para seguir avanzando en la agenda de la gesti\u00f3n y con acciones concretas para consolidar el triunfo de Sergio Massa\u201d, coment\u00f3 Cascallares a trav\u00e9s de las redes sociales.<\/p>\n<p>Por su parte, el intendente de Avellaneda, Jorge ferraresi,quien retom\u00f3 su cargo hace pocos meses, agreg\u00f3: Realizamos un balance de gesti\u00f3n y pusimos en com\u00fan las tareas para garantizar el triunfo de Sergio Massa\u201d.<\/p>\n<p>Una reciente encuesta realizada por \u00abAnalog\u00edas\u00bb, a solo doce d\u00edas del balotaje,\u00a0 muestra la pelea cabeza a cabeza que se avecina por la Presidencia.<\/p>\n<p>El candidato de Uni\u00f3n por la Patria, Sergio Massa, y su rival de La Libertad Avanza, Javier Milei, pelean parejos con apenas unos puntos de diferencia dentro del rango del empate t\u00e9cnico.<\/p>\n<p>A diferencia de otros estudios, el sondeo de Analog\u00edas ubica al ministro de Econom\u00eda con una leve ventaja<strong>(VW)<\/strong><\/p>\n","protected":false},"excerpt":{"rendered":"<p>La reuni\u00f3n apunto a realizar un balance sobre las perspectivas electorales para el pr\u00f3ximo 19 de noviembre. Las encuestas dan un cabeza a cabeza, con una diferencia muy peque\u00f1a entre los dos candidatos.\u00a0 \u00a0<\/p>\n","protected":false},"author":3,"featured_media":12464,"comment_status":"closed","ping_status":"closed","sticky":false,"template":"","format":"standard","meta":{"_monsterinsights_skip_tracking":false,"_monsterinsights_sitenote_active":false,"_monsterinsights_sitenote_note":"","_monsterinsights_sitenote_category":0,"footnotes":""},"categories":[4],"tags":[5107,264,167,1161],"class_list":["post-12463","post","type-post","status-publish","format-standard","has-post-thumbnail","hentry","category-politica","tag-balotaje","tag-intendentes","tag-kicillof","tag-tercera-seccion"],"_links":{"self":[{"href":"https:\/\/www.visionweb.com.ar\/index.php?rest_route=\/wp\/v2\/posts\/12463","targetHints":{"allow":["GET"]}}],"collection":[{"href":"https:\/\/www.visionweb.com.ar\/index.php?rest_route=\/wp\/v2\/posts"}],"about":[{"href":"https:\/\/www.visionweb.com.ar\/index.php?rest_route=\/wp\/v2\/types\/post"}],"author":[{"embeddable":true,"href":"https:\/\/www.visionweb.com.ar\/index.php?rest_route=\/wp\/v2\/users\/3"}],"replies":[{"embeddable":true,"href":"https:\/\/www.visionweb.com.ar\/index.php?rest_route=%2Fwp%2Fv2%2Fcomments&post=12463"}],"version-history":[{"count":1,"href":"https:\/\/www.visionweb.com.ar\/index.php?rest_route=\/wp\/v2\/posts\/12463\/revisions"}],"predecessor-version":[{"id":12465,"href":"https:\/\/www.visionweb.com.ar\/index.php?rest_route=\/wp\/v2\/posts\/12463\/revisions\/12465"}],"wp:featuredmedia":[{"embeddable":true,"href":"https:\/\/www.visionweb.com.ar\/index.php?rest_route=\/wp\/v2\/media\/12464"}],"wp:attachment":[{"href":"https:\/\/www.visionweb.com.ar\/index.php?rest_route=%2Fwp%2Fv2%2Fmedia&parent=12463"}],"wp:term":[{"taxonomy":"category","embeddable":true,"href":"https:\/\/www.visionweb.com.ar\/index.php?rest_route=%2Fwp%2Fv2%2Fcategories&post=12463"},{"taxonomy":"post_tag","embeddable":true,"href":"https:\/\/www.visionweb.com.ar\/index.php?rest_route=%2Fwp%2Fv2%2Ftags&post=12463"}],"curies":[{"name":"wp","href":"https:\/\/api.w.org\/{rel}","templated":true}]}}