{"id":12454,"date":"2023-11-07T14:39:04","date_gmt":"2023-11-07T17:39:04","guid":{"rendered":"https:\/\/www.visionweb.com.ar\/?p=12454"},"modified":"2023-11-07T14:39:04","modified_gmt":"2023-11-07T17:39:04","slug":"ocho-legisladores-de-la-libertad-avanza-dejaron-el-bloque","status":"publish","type":"post","link":"https:\/\/www.visionweb.com.ar\/?p=12454","title":{"rendered":"Ocho legisladores de la Libertad Avanza dejaron el bloque"},"content":{"rendered":"<p><em><strong>Con un dur\u00edsimo comunicado, representantes electos de La Libertad Avanza tomaron distancia del espacio por el pacto con Macri.<\/strong><\/em><!--more--><\/p>\n<p><strong><img loading=\"lazy\" decoding=\"async\" class=\"size-medium wp-image-12288 alignright\" src=\"https:\/\/www.visionweb.com.ar\/wp-content\/uploads\/2023\/10\/legislatura-bonaerense-300x235.png\" alt=\"\" width=\"300\" height=\"235\" srcset=\"https:\/\/www.visionweb.com.ar\/wp-content\/uploads\/2023\/10\/legislatura-bonaerense-300x235.png 300w, https:\/\/www.visionweb.com.ar\/wp-content\/uploads\/2023\/10\/legislatura-bonaerense.png 543w\" sizes=\"auto, (max-width: 300px) 100vw, 300px\" \/>O<\/strong>cho legisladores de la Libertad Avanza, de los 18 que asumir\u00e1n sus bancas el pr\u00f3ximo 10 de diciembre, pegaron el portazo y se abrieron del bloque, luego del acueerdo que cerr\u00f3 Javier Milei con el ex presidente Mauricio Macri.<\/p>\n<p>Los legisladores salieron a denunciar la \u201ccooptaci\u00f3n\u201d y \u201ccolonizaci\u00f3n\u201d del partido por parte del ex presidente, lanzando una fuerte advertencia.<\/p>\n<p>Mediante un comunicado, los diputados electos\u00a0Gustavo Cuervo, Carlos Luayza, Viviana Romano, Mart\u00edn Rozas, Mar\u00eda Salom\u00e9 Jalil, Blanca Alessi, Sabrina Sabat y Mar\u00eda Laura Fern\u00e1ndez, lanzaron una dura advertencia y si bien no anunciaron una ruptura del bloque lo cierto es que tomaron distancia del PRO.<\/p>\n<p>\u201cVemos con benepl\u00e1cito el apoyo manifestado por distintos l\u00edderes de terceras fuerzas pol\u00edticas, pero no podemos dejar de manifestar nuestro disgusto por la pretensi\u00f3n manifiesta de cooptar y colonizar el futuro gobierno nacional por parte de\u00a0Mauricio Macri\u201d, denunciaron. Tambi\u00e9n hicieron saber que luego de trabajar en la fiscalizaci\u00f3n, distribuci\u00f3n de boletas y log\u00edstica en los comicios, fueron \u201ccorridos de nuestras funciones\u201d en la noche misma del 22 de octubre.<\/p>\n<p>Los legisladores, que representan casi la mitad de la tropa que Milei ingres\u00f3 en la Legislatura, reafirmaron no obstante su compromiso con La Libertad Avanza, aunque con fuertes cr\u00edticas a Juntos por el Cambio y Macri. \u201cPareciera que no bast\u00f3 que la sociedad dejara a \u201cJuntos por el cargo\u201d afuera de la posibilidad del Ballotage, pareciera que el Ex presidente no entiende el mensaje del m\u00e1s del 75 por ciento de la poblaci\u00f3n argentina en las \u00faltimas elecciones de octubre\u201d, indicaron.<\/p>\n<p>Los resultados del domingo 22 de octubre le posibilitaron a LLA sumar trece nuevos lugares en Diputados. La C\u00e1mara ya contaba con otros tres legisladores liberales elegidos en 2021 mediante las listas encolumnadas tras la figura de\u00a0Jos\u00e9 Luis Espert:\u00a0Nahuel Sotelo, Costanza Moragues Santos\u00a0y\u00a0Guillermo Castello.<\/p>\n<p>Ahora, de esos 16, la mitad pegaron un portazo y complicar\u00e1n el funcionamiento del bloque libertario. Si bien se espera la reacci\u00f3n de los otros legisladores de Milei, se estima que trabajar\u00e1n en conjunto con el PRO pero no con los radicales, aunque eso se ver\u00e1 reci\u00e9n despu\u00e9s del 10 de diciembre.<\/p>\n<p>Entre los diputados electos que ahora toman distancia est\u00e1n Carlos Luayza, ex funcionario de la Direcci\u00f3n General de Cultura y Educaci\u00f3n y\u00a0Viviana Romano, que responde al propio Luayza. Tambi\u00e9n est\u00e1n Gustavo Cuervo, titular del Partido Federal Renovador.<\/p>\n<p>Con los resultados de las elecciones, el peronismo y Juntos quedar\u00e1n desde diciembre con 37 diputados cada uno, mientras que los libertarios tendr\u00e1n 16 representantes, si se unifican con las tres bancas unipersonales que poseen hoy. Sin embargo, ahora este bloque seguramente se romper\u00e1. El FIT-U, por su parte, seguir\u00e1 con los dos esca\u00f1os que tiene en la actualidad<strong>(VW)<\/strong>.<\/p>\n<p><em><strong>Con datos de portales de noticias bonaerenses<\/strong><\/em><\/p>\n","protected":false},"excerpt":{"rendered":"<p>Con un dur\u00edsimo comunicado, representantes electos de La Libertad Avanza tomaron distancia del espacio por el pacto con Macri.<\/p>\n","protected":false},"author":3,"featured_media":12288,"comment_status":"closed","ping_status":"closed","sticky":false,"template":"","format":"standard","meta":{"_monsterinsights_skip_tracking":false,"_monsterinsights_sitenote_active":false,"_monsterinsights_sitenote_note":"","_monsterinsights_sitenote_category":0,"footnotes":""},"categories":[4],"tags":[890,5187,502,4530,5188],"class_list":["post-12454","post","type-post","status-publish","format-standard","has-post-thumbnail","hentry","category-politica","tag-legisladores","tag-lla","tag-macri","tag-milei","tag-portazo"],"_links":{"self":[{"href":"https:\/\/www.visionweb.com.ar\/index.php?rest_route=\/wp\/v2\/posts\/12454","targetHints":{"allow":["GET"]}}],"collection":[{"href":"https:\/\/www.visionweb.com.ar\/index.php?rest_route=\/wp\/v2\/posts"}],"about":[{"href":"https:\/\/www.visionweb.com.ar\/index.php?rest_route=\/wp\/v2\/types\/post"}],"author":[{"embeddable":true,"href":"https:\/\/www.visionweb.com.ar\/index.php?rest_route=\/wp\/v2\/users\/3"}],"replies":[{"embeddable":true,"href":"https:\/\/www.visionweb.com.ar\/index.php?rest_route=%2Fwp%2Fv2%2Fcomments&post=12454"}],"version-history":[{"count":1,"href":"https:\/\/www.visionweb.com.ar\/index.php?rest_route=\/wp\/v2\/posts\/12454\/revisions"}],"predecessor-version":[{"id":12455,"href":"https:\/\/www.visionweb.com.ar\/index.php?rest_route=\/wp\/v2\/posts\/12454\/revisions\/12455"}],"wp:featuredmedia":[{"embeddable":true,"href":"https:\/\/www.visionweb.com.ar\/index.php?rest_route=\/wp\/v2\/media\/12288"}],"wp:attachment":[{"href":"https:\/\/www.visionweb.com.ar\/index.php?rest_route=%2Fwp%2Fv2%2Fmedia&parent=12454"}],"wp:term":[{"taxonomy":"category","embeddable":true,"href":"https:\/\/www.visionweb.com.ar\/index.php?rest_route=%2Fwp%2Fv2%2Fcategories&post=12454"},{"taxonomy":"post_tag","embeddable":true,"href":"https:\/\/www.visionweb.com.ar\/index.php?rest_route=%2Fwp%2Fv2%2Ftags&post=12454"}],"curies":[{"name":"wp","href":"https:\/\/api.w.org\/{rel}","templated":true}]}}