{"id":12449,"date":"2023-11-07T13:41:49","date_gmt":"2023-11-07T16:41:49","guid":{"rendered":"https:\/\/www.visionweb.com.ar\/?p=12449"},"modified":"2023-11-07T13:41:49","modified_gmt":"2023-11-07T16:41:49","slug":"la-semana-del-helado-y-la-noche-de-las-heladerias","status":"publish","type":"post","link":"https:\/\/www.visionweb.com.ar\/?p=12449","title":{"rendered":"La Semana del Helado y la Noche de las Helader\u00edas"},"content":{"rendered":"<p><em><strong>Arranc\u00f3 la Semana del Aut\u00e9ntico Helado Artesanal en la previa de la Noche de las Helader\u00edas que ser\u00e1 el jueves 9 de noviembre desde las 19:00. Habr\u00e1 sorteos, promociones exclusivas y muchas novedades.<\/strong><\/em><!--more--><\/p>\n<p><img loading=\"lazy\" decoding=\"async\" class=\"size-medium wp-image-12450 alignright\" src=\"https:\/\/www.visionweb.com.ar\/wp-content\/uploads\/2023\/11\/helados-300x156.png\" alt=\"\" width=\"300\" height=\"156\" srcset=\"https:\/\/www.visionweb.com.ar\/wp-content\/uploads\/2023\/11\/helados-300x156.png 300w, https:\/\/www.visionweb.com.ar\/wp-content\/uploads\/2023\/11\/helados.png 678w\" sizes=\"auto, (max-width: 300px) 100vw, 300px\" \/>\u00a0 <strong>L<\/strong>a\u00a0<strong>Asociaci\u00f3n de Heladeros Artesanales de Argentina (AFADHYA)<\/strong>, organiz\u00f3 un evento especial durante toda la presente semana, con la adhesi\u00f3n de m\u00e1s de <strong>400 helader\u00edas artesanales que ofrecen promociones y descuentos en todo el pa\u00eds<\/strong>.<\/p>\n<p>De esta manera, en la 39\u00ba edici\u00f3n de la\u00a0<strong>Semana del Aut\u00e9ntico Helado Artesanal<\/strong>, habr\u00e1 <strong>sorteos por kilos de helado en las redes sociales, donaciones a instituciones ben\u00e9ficas y muchas actividades m\u00e1s<\/strong>, y se extender\u00e1 hasta el 12 de noviembre en todo el pa\u00eds.<\/p>\n<p>Por su parte, <strong>la Noche de las Helader\u00edas<\/strong> se realizar\u00e1 el jueves <strong>9 de noviembre<\/strong> desde las 19:00 horas y hasta el cierre de los comercios, donde se podr\u00e1 aprovechar una\u00a0<strong>promoci\u00f3n de 2\u00d71 en cuarto kilo de Helado Artesanal<\/strong>, nuevos sabores y muchas sorpresas m\u00e1s.<\/p>\n<p>Seg\u00fan indic\u00f3 AFADHYA, la Semana del Helado Artesanal y la Noche de las Helader\u00edas cuentan con el apoyo de BAIRES Cocina, CATTABRIGA, Aromitalia, Milkaut Profesional, Distribuidora Barcena, KLD, Lucacen, Tronador chocolates, Pehuenia y La Seren\u00edsima.<\/p>\n<p>AFADHYA tambi\u00e9n dio a conocer las cifras del \u00faltimo estudio de mercado que se realiz\u00f3 junto a la consultora D\u2019Alessio Irol sobre la opini\u00f3n de 1.000 argentinos, durante el invierno 2023.<\/p>\n<p>El informe demostr\u00f3 la desestacionalizaci\u00f3n, ya que 9 de cada 10 personas consumi\u00f3 helado durante todo el a\u00f1o. Adem\u00e1s, seg\u00fan los encuestados, el helado se asocia con placer, y en contrapartida acompa\u00f1a momentos de angustia.<\/p>\n<p>En el pa\u00eds\u00a0<strong>se consumen 6,9 kilos per c\u00e1pita por a\u00f1o, y 10 kilos durante el verano<\/strong>, detallaron. <strong>(VW)<\/strong><\/p>\n","protected":false},"excerpt":{"rendered":"<p>Arranc\u00f3 la Semana del Aut\u00e9ntico Helado Artesanal en la previa de la Noche de las Helader\u00edas que ser\u00e1 el jueves 9 de noviembre desde las 19:00. Habr\u00e1 sorteos, promociones exclusivas y muchas novedades.<\/p>\n","protected":false},"author":4,"featured_media":12450,"comment_status":"closed","ping_status":"closed","sticky":false,"template":"","format":"standard","meta":{"_monsterinsights_skip_tracking":false,"_monsterinsights_sitenote_active":false,"_monsterinsights_sitenote_note":"","_monsterinsights_sitenote_category":0,"footnotes":""},"categories":[8,1317],"tags":[3380,5184,5185],"class_list":["post-12449","post","type-post","status-publish","format-standard","has-post-thumbnail","hentry","category-interes-general","category-sabores-y-tendencias","tag-afadhya","tag-la-noche-de-las-heladerias","tag-semana-del-helado-artesanal"],"_links":{"self":[{"href":"https:\/\/www.visionweb.com.ar\/index.php?rest_route=\/wp\/v2\/posts\/12449","targetHints":{"allow":["GET"]}}],"collection":[{"href":"https:\/\/www.visionweb.com.ar\/index.php?rest_route=\/wp\/v2\/posts"}],"about":[{"href":"https:\/\/www.visionweb.com.ar\/index.php?rest_route=\/wp\/v2\/types\/post"}],"author":[{"embeddable":true,"href":"https:\/\/www.visionweb.com.ar\/index.php?rest_route=\/wp\/v2\/users\/4"}],"replies":[{"embeddable":true,"href":"https:\/\/www.visionweb.com.ar\/index.php?rest_route=%2Fwp%2Fv2%2Fcomments&post=12449"}],"version-history":[{"count":1,"href":"https:\/\/www.visionweb.com.ar\/index.php?rest_route=\/wp\/v2\/posts\/12449\/revisions"}],"predecessor-version":[{"id":12451,"href":"https:\/\/www.visionweb.com.ar\/index.php?rest_route=\/wp\/v2\/posts\/12449\/revisions\/12451"}],"wp:featuredmedia":[{"embeddable":true,"href":"https:\/\/www.visionweb.com.ar\/index.php?rest_route=\/wp\/v2\/media\/12450"}],"wp:attachment":[{"href":"https:\/\/www.visionweb.com.ar\/index.php?rest_route=%2Fwp%2Fv2%2Fmedia&parent=12449"}],"wp:term":[{"taxonomy":"category","embeddable":true,"href":"https:\/\/www.visionweb.com.ar\/index.php?rest_route=%2Fwp%2Fv2%2Fcategories&post=12449"},{"taxonomy":"post_tag","embeddable":true,"href":"https:\/\/www.visionweb.com.ar\/index.php?rest_route=%2Fwp%2Fv2%2Ftags&post=12449"}],"curies":[{"name":"wp","href":"https:\/\/api.w.org\/{rel}","templated":true}]}}