{"id":12447,"date":"2023-11-07T13:18:06","date_gmt":"2023-11-07T16:18:06","guid":{"rendered":"https:\/\/www.visionweb.com.ar\/?p=12447"},"modified":"2023-11-07T13:18:06","modified_gmt":"2023-11-07T16:18:06","slug":"farmacias-bonaerenses-limitan-la-venta-de-medicamentos-a-afiliados-de-prepagas-y-obras-sociales","status":"publish","type":"post","link":"https:\/\/www.visionweb.com.ar\/?p=12447","title":{"rendered":"Farmacias bonaerenses limitan la venta de medicamentos a afiliados de prepagas y obras sociales"},"content":{"rendered":"<p><em><strong>Se agrava el conflicto entre farmacias bonaerenses, droguer\u00edas y obras sociales\u00a0por circuito de comercializaci\u00f3n, y ya hay farmacias que suspendieron la dispensa de medicamentos.<\/strong><\/em><!--more--><\/p>\n<p><img loading=\"lazy\" decoding=\"async\" class=\"size-full wp-image-3218 alignright\" src=\"https:\/\/www.visionweb.com.ar\/wp-content\/uploads\/2021\/11\/farmacias.bmp\" alt=\"\" width=\"494\" height=\"259\" \/>\u00a0\u00a0 <strong>E<\/strong>l\u00a0<strong>Colegio de Farmac\u00e9uticos de la provincia de Buenos Aires<\/strong>\u00a0comunic\u00f3 que \u00abhay cientos de farmacias comunitarias que\u00a0<strong>suspendieron la dispensa\u00bb de remedios<\/strong>\u00a0a trav\u00e9s de las\u00a0<strong>prepagas<\/strong>.<\/p>\n<p>A la vez, esa entidad, junto a la<strong>\u00a0Confederaci\u00f3n de Farmacias Bonaerenses<\/strong>\u00a0(Cafabo) aseguraron que la inflaci\u00f3n y la volatilidad de precios complicaron sus<strong>\u00a0ventas con descuento<\/strong>\u00a0porque reciben el pago por parte de las financiadoras 60 y 90 d\u00edas m\u00e1s tarde, un plazo que los comercios del sector buscan reducir mediante negociaciones.<\/p>\n<p>En ese sentido, la titular del Colegio,<strong>\u00a0Alejandra G\u00f3mez<\/strong>, explic\u00f3: \u00ab<strong>Nosotros pagamos a las droguer\u00edas a los 15 d\u00edas y cobramos los medicamentos en 60 o 90 d\u00edas. Por eso, hay muchas farmacias que no est\u00e1n pudiendo tener el servicio de la obra social o de las prepagas<\/strong>\u00ab.<\/p>\n<p>Este desfasaje en los plazos de pago, sumado a las bonificaciones que ofrecen las obras sociales y el contexto inflacionario deja a las farmacias en un contexto de \u00abemergencia\u00bb.<\/p>\n<p>La entidad que nuclea a farmacias bonaerenses emiti\u00f3 un comunicado ayer por la tarde en el que confirm\u00f3 que comenzaron a suspender la venta de drogas a trav\u00e9s de obras sociales.<\/p>\n<p>\u00abNo se trata de una maniobra comercial, pol\u00edtica, ni especulativa\u00bb, aseguraron antes de informar que durante\u00a0<strong>esta semana se ir\u00e1 notificando la \u00absuspensi\u00f3n del cr\u00e9dito a las obras sociales que adeuden prestaciones\u00bb, <\/strong>explicaron.<\/p>\n<p>Para este pr\u00f3ximo mi\u00e9rcoles est\u00e1 previsto una reuni\u00f3n entre las partes para negociar una salida.\u00a0<strong>\u00abLa soluci\u00f3n a esto es conjunta. En la cadena est\u00e1n los laboratorios, las droguer\u00edas, las farmacias y, despu\u00e9s, la devoluci\u00f3n de la obra social. Nosotros no imponemos la fecha de pago de la droguer\u00eda y lo que estamos haciendo es modificar esos convenios que tenemos con las obras sociales, que en la provincia de Buenos Aires la principal es IOMA, pero pasa tambi\u00e9n a nivel nacional\u00bb<\/strong>, afirm\u00f3 G\u00f3mez.<\/p>\n<p>Seg\u00fan la dirigente sectorial,<strong>\u00a0las negociaciones vienen desde agosto<\/strong>\u00a0sin llegar a buen puerto. \u00abTodav\u00eda no hemos logrado que se modifiquen los plazos\u00bb, lament\u00f3 antes de advertir que \u00ab<strong>la situaci\u00f3n se hace cada vez m\u00e1s compleja y cada vez hay m\u00e1s pacientes que se acercan a la farmacia y no encuentran el medicamento con el descuento de la obra social<\/strong>\u00ab. <strong>(VW)<\/strong><\/p>\n","protected":false},"excerpt":{"rendered":"<p>Se agrava el conflicto entre farmacias bonaerenses, droguer\u00edas y obras sociales\u00a0por circuito de comercializaci\u00f3n, y ya hay farmacias que suspendieron la dispensa de medicamentos.<\/p>\n","protected":false},"author":4,"featured_media":3218,"comment_status":"closed","ping_status":"closed","sticky":false,"template":"","format":"standard","meta":{"_monsterinsights_skip_tracking":false,"_monsterinsights_sitenote_active":false,"_monsterinsights_sitenote_note":"","_monsterinsights_sitenote_category":0,"footnotes":""},"categories":[6,4,5],"tags":[5161,5182,5183],"class_list":["post-12447","post","type-post","status-publish","format-standard","has-post-thumbnail","hentry","category-economia","category-politica","category-sociedad","tag-colegio-de-farmaceuticos","tag-farmacias-bonaerenses","tag-suspendieron-venta-por-obras-sociales"],"_links":{"self":[{"href":"https:\/\/www.visionweb.com.ar\/index.php?rest_route=\/wp\/v2\/posts\/12447","targetHints":{"allow":["GET"]}}],"collection":[{"href":"https:\/\/www.visionweb.com.ar\/index.php?rest_route=\/wp\/v2\/posts"}],"about":[{"href":"https:\/\/www.visionweb.com.ar\/index.php?rest_route=\/wp\/v2\/types\/post"}],"author":[{"embeddable":true,"href":"https:\/\/www.visionweb.com.ar\/index.php?rest_route=\/wp\/v2\/users\/4"}],"replies":[{"embeddable":true,"href":"https:\/\/www.visionweb.com.ar\/index.php?rest_route=%2Fwp%2Fv2%2Fcomments&post=12447"}],"version-history":[{"count":1,"href":"https:\/\/www.visionweb.com.ar\/index.php?rest_route=\/wp\/v2\/posts\/12447\/revisions"}],"predecessor-version":[{"id":12448,"href":"https:\/\/www.visionweb.com.ar\/index.php?rest_route=\/wp\/v2\/posts\/12447\/revisions\/12448"}],"wp:featuredmedia":[{"embeddable":true,"href":"https:\/\/www.visionweb.com.ar\/index.php?rest_route=\/wp\/v2\/media\/3218"}],"wp:attachment":[{"href":"https:\/\/www.visionweb.com.ar\/index.php?rest_route=%2Fwp%2Fv2%2Fmedia&parent=12447"}],"wp:term":[{"taxonomy":"category","embeddable":true,"href":"https:\/\/www.visionweb.com.ar\/index.php?rest_route=%2Fwp%2Fv2%2Fcategories&post=12447"},{"taxonomy":"post_tag","embeddable":true,"href":"https:\/\/www.visionweb.com.ar\/index.php?rest_route=%2Fwp%2Fv2%2Ftags&post=12447"}],"curies":[{"name":"wp","href":"https:\/\/api.w.org\/{rel}","templated":true}]}}