{"id":12443,"date":"2023-11-07T12:56:39","date_gmt":"2023-11-07T15:56:39","guid":{"rendered":"https:\/\/www.visionweb.com.ar\/?p=12443"},"modified":"2023-11-07T12:56:39","modified_gmt":"2023-11-07T15:56:39","slug":"la-esquina-de-charly-garcia-en-nueva-york-el-homenaje-a-40-anos-del-album-clics-modernos","status":"publish","type":"post","link":"https:\/\/www.visionweb.com.ar\/?p=12443","title":{"rendered":"La esquina de Charly Garc\u00eda en Nueva York: El homenaje a 40 a\u00f1os del \u00e1lbum Clics Modernos"},"content":{"rendered":"<p><strong><em>Charly se convirti\u00f3 en el\u00a0primer argentino y latinoamericano\u00a0en tener una esquina con su nombre en la Gran Manzana, y adem\u00e1s, el alcalde de la Ciudad,\u00a0declar\u00f3 el 6 de noviembre como el\u00a0D\u00eda de Charly Garc\u00eda en Nueva York.<\/em><\/strong><!--more--><\/p>\n<p><strong><img loading=\"lazy\" decoding=\"async\" class=\"size-medium wp-image-12444 alignright\" src=\"https:\/\/www.visionweb.com.ar\/wp-content\/uploads\/2023\/11\/charly-NY-247x300.png\" alt=\"\" width=\"247\" height=\"300\" srcset=\"https:\/\/www.visionweb.com.ar\/wp-content\/uploads\/2023\/11\/charly-NY-247x300.png 247w, https:\/\/www.visionweb.com.ar\/wp-content\/uploads\/2023\/11\/charly-NY.png 427w\" sizes=\"auto, (max-width: 247px) 100vw, 247px\" \/>\u00a0 \u00a0Charly Garc\u00eda Corner<\/strong>\u00a0es el nombre con el que <strong>fue bautizado el cruce<\/strong> de las calles Walker Street y Cortland Alley, en Manhattann, donde el emblem\u00e1tico m\u00fasico lanz\u00f3 el famoso disco que cambi\u00f3 el rock por generaciones.<\/p>\n<p>A 40 a\u00f1os de la grabaci\u00f3n en esta ciudad de <strong>Clics Modernos<\/strong>, la intersecci\u00f3n donde se tom\u00f3 la hist\u00f3rica foto de portada del \u00e1lbum fue bautizada Charly Garc\u00eda Corner. Adem\u00e1s, la Ciudad declar\u00f3 el 6 de noviembre D\u00eda de Charly Garc\u00eda.<\/p>\n<p>En el cruce de las calles\u00a0Walker St. y Cortlandt Alley, en el barrio de Tribeca, en Manhattan, se realiz\u00f3 una ceremonia para bautizar la intersecci\u00f3n como\u00a0<strong>\u201cEsquina Charly Garc\u00eda\u201d,<\/strong>\u00a0en honor al genio musical que hace 40 a\u00f1os lanz\u00f3 su disco\u00a0<strong>Clics Modernos,<\/strong>\u00a0considerado una obra maestra del rock nacional y latinoamericano.<\/p>\n<p>Durante la ceremonia, se descubri\u00f3 una placa recordatoria en la pared donde el argentino se tom\u00f3 la\u00a0<strong>ic\u00f3nica foto de tapa, y el cartel verde de las calles neoyorquinas con la leyenda Esquina Charly Garc\u00eda<\/strong>.<\/p>\n<p>Adem\u00e1s, hubo un concierto en vivo como parte del homenaje, con\u00a0<strong>Hilda Lizarazu, Fernando Samalea<\/strong>, Alfi Martins, To\u00f1o Silva, Fabi\u00e1n Zorrito Von Quintiero y Kiuge Hayashida, quienes formaron parte de las bandas de Garc\u00eda.<\/p>\n<p>Por su parte, las autoridades locales entregaron una\u00a0<strong>proclama firmada por el alcalde Eric Adams\u00a0<\/strong>que designa al 6 de noviembre como\u00a0<strong>D\u00eda de Charly Garc\u00eda en la ciudad de Nueva York<\/strong>.<\/p>\n<p>La Proclama reza: \u201cClics Modernos y este talentoso m\u00fasico<strong>\u00a0continuar\u00e1n inspirando a nuestra vibrante comunidad argentina\u00a0<\/strong>y a personas de todos los or\u00edgenes en los a\u00f1os venideros\u201d.<\/p>\n<p>Del evento participaron el embajador argentino en Estados Unidos, Jorge Arguello; el c\u00f3nsul general en Nueva York, Santiago Villalba; el ide\u00f3logo del proyecto, Mariano Cabrera; y la hermana del cantante; Josi Garc\u00eda Moreno.<\/p>\n<p><img loading=\"lazy\" decoding=\"async\" class=\"size-medium wp-image-12445 alignleft\" src=\"https:\/\/www.visionweb.com.ar\/wp-content\/uploads\/2023\/11\/esquina-charly-ny-300x155.png\" alt=\"\" width=\"300\" height=\"155\" srcset=\"https:\/\/www.visionweb.com.ar\/wp-content\/uploads\/2023\/11\/esquina-charly-ny-300x155.png 300w, https:\/\/www.visionweb.com.ar\/wp-content\/uploads\/2023\/11\/esquina-charly-ny.png 688w\" sizes=\"auto, (max-width: 300px) 100vw, 300px\" \/>La esquina fue intervenida con una\u00a0<strong>se\u00f1alizaci\u00f3n<\/strong>\u00a0y una\u00a0<strong>placa de bronce<\/strong>\u00a0que recuerdan la\u00a0<strong>foto que Charly se tom\u00f3 all\u00ed<\/strong>\u00a0en 1983 y que se convirti\u00f3 en el arte de tapa del disco, tomada por el fot\u00f3grafo Uberto Sagramoso.<\/p>\n<p><strong>Qu\u00e9 dijo Charly:<\/strong><\/p>\n<p>\u201cM<strong>e siento honrado por la invitaci\u00f3n y porque me hayan elegido para que una esquina lleve mi nombre.\u00a0<\/strong>No conozco muchos artistas de fama mundial a los que les haya sucedido esto nada menos que en una ciudad como New York, una metr\u00f3poli tan importante para m\u00ed y donde s\u00f3lo ah\u00ed se pod\u00eda lograr el sonido de \u2018Clics modernos\u2019\u201d<\/p>\n<p>\u201cEstoy feliz, emocionado.\u00a0<strong>No veo las horas de decirle a un taxista: \u201cD\u00e9jeme ac\u00e1, en Walker St. y Yo\u201d<\/strong>. Much\u00edsimas gracias a todos los que lograron esto\u201d, culmin\u00f3.<\/p>\n<p>De esta manera, Charly se convirti\u00f3 ayer en el\u00a0<strong>primer argentino y latinoamericano<\/strong>\u00a0en tener una esquina con su nombre en la Gran Manzana, sino que, adem\u00e1s, el alcalde de la Ciudad,<strong>\u00a0Eric Adams,<\/strong>\u00a0declar\u00f3 el 6 de noviembre como el\u00a0<strong>D\u00eda de Charly Garc\u00eda en Nueva York. (VW)<\/strong><\/p>\n","protected":false},"excerpt":{"rendered":"<p>Charly se convirti\u00f3 en el\u00a0primer argentino y latinoamericano\u00a0en tener una esquina con su nombre en la Gran Manzana, y adem\u00e1s, el alcalde de la Ciudad,\u00a0declar\u00f3 el 6 de noviembre como el\u00a0D\u00eda de Charly Garc\u00eda&#46;&#46;&#46;<\/p>\n","protected":false},"author":4,"featured_media":12445,"comment_status":"closed","ping_status":"closed","sticky":false,"template":"","format":"standard","meta":{"_monsterinsights_skip_tracking":false,"_monsterinsights_sitenote_active":false,"_monsterinsights_sitenote_note":"","_monsterinsights_sitenote_category":0,"footnotes":""},"categories":[8],"tags":[5181,5178,5180,5179],"class_list":["post-12443","post","type-post","status-publish","format-standard","has-post-thumbnail","hentry","category-interes-general","tag-40-anos","tag-charly-garcia-corner","tag-clics-modernos","tag-esquina-en-nueva-york"],"_links":{"self":[{"href":"https:\/\/www.visionweb.com.ar\/index.php?rest_route=\/wp\/v2\/posts\/12443","targetHints":{"allow":["GET"]}}],"collection":[{"href":"https:\/\/www.visionweb.com.ar\/index.php?rest_route=\/wp\/v2\/posts"}],"about":[{"href":"https:\/\/www.visionweb.com.ar\/index.php?rest_route=\/wp\/v2\/types\/post"}],"author":[{"embeddable":true,"href":"https:\/\/www.visionweb.com.ar\/index.php?rest_route=\/wp\/v2\/users\/4"}],"replies":[{"embeddable":true,"href":"https:\/\/www.visionweb.com.ar\/index.php?rest_route=%2Fwp%2Fv2%2Fcomments&post=12443"}],"version-history":[{"count":1,"href":"https:\/\/www.visionweb.com.ar\/index.php?rest_route=\/wp\/v2\/posts\/12443\/revisions"}],"predecessor-version":[{"id":12446,"href":"https:\/\/www.visionweb.com.ar\/index.php?rest_route=\/wp\/v2\/posts\/12443\/revisions\/12446"}],"wp:featuredmedia":[{"embeddable":true,"href":"https:\/\/www.visionweb.com.ar\/index.php?rest_route=\/wp\/v2\/media\/12445"}],"wp:attachment":[{"href":"https:\/\/www.visionweb.com.ar\/index.php?rest_route=%2Fwp%2Fv2%2Fmedia&parent=12443"}],"wp:term":[{"taxonomy":"category","embeddable":true,"href":"https:\/\/www.visionweb.com.ar\/index.php?rest_route=%2Fwp%2Fv2%2Fcategories&post=12443"},{"taxonomy":"post_tag","embeddable":true,"href":"https:\/\/www.visionweb.com.ar\/index.php?rest_route=%2Fwp%2Fv2%2Ftags&post=12443"}],"curies":[{"name":"wp","href":"https:\/\/api.w.org\/{rel}","templated":true}]}}