{"id":12435,"date":"2023-11-06T10:14:29","date_gmt":"2023-11-06T13:14:29","guid":{"rendered":"https:\/\/www.visionweb.com.ar\/?p=12435"},"modified":"2023-11-06T10:14:29","modified_gmt":"2023-11-06T13:14:29","slug":"tandil-presento-el-salame-mas-largo-del-mundo","status":"publish","type":"post","link":"https:\/\/www.visionweb.com.ar\/?p=12435","title":{"rendered":"Tandil present\u00f3 el salame m\u00e1s largo del mundo"},"content":{"rendered":"<p><em><strong>El r\u00e9cord tandilense del 2022 era de 183,40 metros mientras que la marca nacional lo ostentaba desde julio pasado un salame de Oncativo, C\u00f3rdoba, de 237 metros de longitud.<\/strong><\/em><!--more--><\/p>\n<div id=\"attachment_12436\" style=\"width: 310px\" class=\"wp-caption alignright\"><img loading=\"lazy\" decoding=\"async\" aria-describedby=\"caption-attachment-12436\" class=\"wp-image-12436 size-medium\" src=\"https:\/\/www.visionweb.com.ar\/wp-content\/uploads\/2023\/11\/Salame-300x169.png\" alt=\"\" width=\"300\" height=\"169\" srcset=\"https:\/\/www.visionweb.com.ar\/wp-content\/uploads\/2023\/11\/Salame-300x169.png 300w, https:\/\/www.visionweb.com.ar\/wp-content\/uploads\/2023\/11\/Salame.png 640w\" sizes=\"auto, (max-width: 300px) 100vw, 300px\" \/><p id=\"caption-attachment-12436\" class=\"wp-caption-text\"><strong><em>El Festival del Salame de Tandil tuvo un nuevo r\u00e9cord con el salame m\u00e1s largo del mundo (Foto: Telam)<\/em><\/strong><\/p><\/div>\n<p>El salame m\u00e1s grande largo del mundo, con 310,69 metros, fue presentado ante miles de personas en la 5ta edici\u00f3n del\u00a0<strong>Festival del Salame y el Cerdo\u00a0<\/strong>en Tandil que se realiz\u00f3 este fin de semana en esa ciudad serrana bonaerense.<\/p>\n<p>El Festival fue organizado por el Cl\u00faster Porcino en conjunto con el municipio de Tandil, donde el Consejo de la Denominaci\u00f3n de Origen del Salame de Tandil (DOT) anunci\u00f3 el r\u00e9cord alcanzado tras superar los 183,40 metros de 2022.<\/p>\n<p>Tambi\u00e9n super\u00f3 al elaborado en julio pasado en la localidad de Oncativo (C\u00f3rdoba) que lleg\u00f3 a los 237 metros.<\/p>\n<p>Para este a\u00f1o, se asumi\u00f3 el compromiso con Municipio de elaborar un salame que superara los 200 metros con motivo de celebrarse los 200 a\u00f1os de la ciudad.<\/p>\n<p>En 2014, las cinco familias productoras que conforman el Consejo de la Denominaci\u00f3n de Origen presentaron el primer salame m\u00e1s largo que midi\u00f3 16,1 metros.<\/p>\n<p>El Festival Chacinar que comenz\u00f3 tuvo en el cierre al grupo local de cumbia Vieja Minga y hoy pondr\u00e1n fin a la fiesta Los Tapitas cuando a las 22 presenten el espect\u00e1culo Leyendas de la Cumbia<\/p>\n<p>El encuentro se desarrolla lo largo de la Diagonal Arturo Illia, en el acceso al Parque Independencia y cuenta con diversas atracciones para disfrutar de los sabores de Tandil como productores locales, fogones y foodtrucks<strong>(VW)<\/strong><\/p>\n<p><strong>Con informaci\u00f3n de agencia Telam y medios tandilenses<\/strong><\/p>\n<div class=\"video-container\"><iframe loading=\"lazy\" title=\"Chacinar 2023 Tandil - El Salame m\u00e1s largo del mundo  310,69 metros\" width=\"500\" height=\"281\" src=\"https:\/\/www.youtube.com\/embed\/WaLVEp_-E6s?feature=oembed&#038;wmode=opaque\" frameborder=\"0\" allow=\"accelerometer; autoplay; clipboard-write; encrypted-media; gyroscope; picture-in-picture; web-share\" referrerpolicy=\"strict-origin-when-cross-origin\" allowfullscreen><\/iframe><\/div>\n","protected":false},"excerpt":{"rendered":"<p>El r\u00e9cord tandilense del 2022 era de 183,40 metros mientras que la marca nacional lo ostentaba desde julio pasado un salame de Oncativo, C\u00f3rdoba, de 237 metros de longitud.<\/p>\n","protected":false},"author":3,"featured_media":12436,"comment_status":"closed","ping_status":"closed","sticky":false,"template":"","format":"standard","meta":{"_monsterinsights_skip_tracking":false,"_monsterinsights_sitenote_active":false,"_monsterinsights_sitenote_note":"","_monsterinsights_sitenote_category":0,"footnotes":""},"categories":[1317],"tags":[],"class_list":["post-12435","post","type-post","status-publish","format-standard","has-post-thumbnail","hentry","category-sabores-y-tendencias"],"_links":{"self":[{"href":"https:\/\/www.visionweb.com.ar\/index.php?rest_route=\/wp\/v2\/posts\/12435","targetHints":{"allow":["GET"]}}],"collection":[{"href":"https:\/\/www.visionweb.com.ar\/index.php?rest_route=\/wp\/v2\/posts"}],"about":[{"href":"https:\/\/www.visionweb.com.ar\/index.php?rest_route=\/wp\/v2\/types\/post"}],"author":[{"embeddable":true,"href":"https:\/\/www.visionweb.com.ar\/index.php?rest_route=\/wp\/v2\/users\/3"}],"replies":[{"embeddable":true,"href":"https:\/\/www.visionweb.com.ar\/index.php?rest_route=%2Fwp%2Fv2%2Fcomments&post=12435"}],"version-history":[{"count":1,"href":"https:\/\/www.visionweb.com.ar\/index.php?rest_route=\/wp\/v2\/posts\/12435\/revisions"}],"predecessor-version":[{"id":12437,"href":"https:\/\/www.visionweb.com.ar\/index.php?rest_route=\/wp\/v2\/posts\/12435\/revisions\/12437"}],"wp:featuredmedia":[{"embeddable":true,"href":"https:\/\/www.visionweb.com.ar\/index.php?rest_route=\/wp\/v2\/media\/12436"}],"wp:attachment":[{"href":"https:\/\/www.visionweb.com.ar\/index.php?rest_route=%2Fwp%2Fv2%2Fmedia&parent=12435"}],"wp:term":[{"taxonomy":"category","embeddable":true,"href":"https:\/\/www.visionweb.com.ar\/index.php?rest_route=%2Fwp%2Fv2%2Fcategories&post=12435"},{"taxonomy":"post_tag","embeddable":true,"href":"https:\/\/www.visionweb.com.ar\/index.php?rest_route=%2Fwp%2Fv2%2Ftags&post=12435"}],"curies":[{"name":"wp","href":"https:\/\/api.w.org\/{rel}","templated":true}]}}