{"id":12425,"date":"2023-11-05T08:18:02","date_gmt":"2023-11-05T11:18:02","guid":{"rendered":"https:\/\/www.visionweb.com.ar\/?p=12425"},"modified":"2023-11-04T19:52:47","modified_gmt":"2023-11-04T22:52:47","slug":"instalaran-una-nueva-terminal-multiproposito-en-el-puerto-de-la-plata","status":"publish","type":"post","link":"https:\/\/www.visionweb.com.ar\/?p=12425","title":{"rendered":"Instalar\u00e1n una nueva terminal multiprop\u00f3sito en el puerto de La Plata"},"content":{"rendered":"<p><strong><em>La empresa prestar\u00e1 los servicios de carga y descarga de diversos productos contenerizados y no contenerizados, graneles en general, cargas grandes de proyecto, equipos, productos sider\u00fargicos y de la agroindustria<\/em><\/strong><!--more--><\/p>\n<div id=\"attachment_12426\" style=\"width: 310px\" class=\"wp-caption alignright\"><img loading=\"lazy\" decoding=\"async\" aria-describedby=\"caption-attachment-12426\" class=\"wp-image-12426 size-medium\" src=\"https:\/\/www.visionweb.com.ar\/wp-content\/uploads\/2023\/11\/CONSORCIO-PUERTRO-LA-PLATA-300x153.png\" alt=\"\" width=\"300\" height=\"153\" srcset=\"https:\/\/www.visionweb.com.ar\/wp-content\/uploads\/2023\/11\/CONSORCIO-PUERTRO-LA-PLATA-300x153.png 300w, https:\/\/www.visionweb.com.ar\/wp-content\/uploads\/2023\/11\/CONSORCIO-PUERTRO-LA-PLATA.png 640w\" sizes=\"auto, (max-width: 300px) 100vw, 300px\" \/><p id=\"caption-attachment-12426\" class=\"wp-caption-text\"><em><strong>El puerto de La Plata ampliara su infraestructura con un sistema multimodal (Foto: Consorcio Puerto de La Plata)<\/strong><\/em><\/p><\/div>\n<p><strong>E<\/strong>l Consorcio de Gesti\u00f3n del Puerto La Plata,\u00a0 celebr\u00f3 el acuerdo firmado con el Grupo Oapce Multitrans,\u00a0 para instalar una nueva Terminal Multiprop\u00f3sito y Zona Log\u00edstica Portuaria del lado de Ensenada.<\/p>\n<p>El acuerdo fue firmado en representaci\u00f3n del Consorcio Puerto La Plata por Jos\u00e9 Mar\u00eda Lojo, presidente y Cesar Carr\u00e1, en representaci\u00f3n del grupo de log\u00edstica. Tambi\u00e9n particip\u00f3 el intendente de Ensenada, Mario Secco.<\/p>\n<p>As\u00ed el Puerto La Plata se diversifica y generar\u00e1 m\u00e1s desarrollo para la Regi\u00f3n.<\/p>\n<p>El titular del Comnsorcio de Gesti\u00f3n, al referirse al acuerdo expres\u00f3, que \u201cse trata de una oportunidad comercial muy importante para la Regi\u00f3n porque se generar\u00e1n nuevos puestos de trabajo directos e indirectos potenciando el perfil productivo\u201d.<\/p>\n<p>El proyecto contempla <strong>una terminal orientada a brindar servicios integrales portuarios, posicion\u00e1ndola como una interfase y eslab\u00f3n confiable dentro de la cadena de suministro, consign\u00f3 el portal de noticias Ser Industria..<\/strong><\/p>\n<p>En el mismo sentido, ofrece posibilidades de almacenamiento para mercanc\u00edas dentro de un \u00e1mbito fiscal aduanero y log\u00edstico nacional.<\/p>\n<p><strong>Puerto La Plata se diversifica<\/strong><\/p>\n<p>La empresa prestar\u00e1 los servicios de carga y descarga de diversos productos contenerizados y no contenerizados, graneles en general, cargas grandes de proyecto, equipos, productos sider\u00fargicos y de la agroindustria, y cemento, entre otras mercader\u00edas.<\/p>\n<p>\u201cDesde el Puerto venimos gestionando para generar nuevas oportunidades de negocio y hoy estamos concretando una de ellas\u201d, manifest\u00f3 el presidente del Consorcio de Gesti\u00f3n del Puerto La Plata.<\/p>\n<p>\u201cEsto nos permite desarrollar un modelo de negocios para brindar servicios portuarios integrales que sean en beneficio del complejo en su conjunto, que generar\u00e1 sinergias particulares con la terminal de Contenedores TecPlata y la Zona Franca La Plata\u201d, agreg\u00f3 Lojo.<\/p>\n<p><strong>Optimizaci\u00f3n de costos<\/strong><\/p>\n<p>En tanto, Carr\u00e1 destac\u00f3 \u201cla oportunidad de poder concretar este proyecto en el Puerto La Plata donde encontr\u00f3 muy buenas instalaciones y calidad de los trabajadores y las trabajadoras\u201d.<\/p>\n<p>Agreg\u00f3 que la empresa de capital nacional tiene \u201cmuchos proyectos para desarrollar y brindarle m\u00e1s dinamismo al Puerto con servicios de calidad y optimizaci\u00f3n de costos\u201d.<\/p>\n<p>Por su parte, Mario Secco dio la bienvenida y resalt\u00f3 que \u201ceste acuerdo implica darle m\u00e1s crecimiento al Puerto de la Ensenada de Barrag\u00e1n, el cual tiene un futuro enorme, en un contexto donde el gobernador de la provincia de Buenos Aires, Axel Kicillof le da una gran prioridad de desarrollo a este Puerto\u201d.<\/p>\n<p>Estuvieron presentes Directores y Gerentes del Puerto La Plata, autoridades de las terminales y de la comunidad portuaria.<\/p>\n<p><strong>Acopio de cereales<\/strong><\/p>\n<p>Por otra parte, d\u00edas atr\u00e1s, Jos\u00e9 Lojo, en representaci\u00f3n del Puerto La Plata y Ezequiel Cornejo, por la empresa Necar Argentina, suscribieron un acuerdo para desarrollar una zona de acopio de cereales y productos agroindustriales que ser\u00e1n exportados desde el Puerto.<\/p>\n<p>\u201cEsto forma parte de las acciones comerciales que estamos implementando para potenciar el Puerto que nos van a permitir ampliar y diversificar la carga, redundando en m\u00e1s trabajo y desarrollo para los y las vecinas\u201d, afirm\u00f3 el titular del Puerto La Plata<strong>(VW)<\/strong>.<\/p>\n<p>&nbsp;<\/p>\n","protected":false},"excerpt":{"rendered":"<p>La empresa prestar\u00e1 los servicios de carga y descarga de diversos productos contenerizados y no contenerizados, graneles en general, cargas grandes de proyecto, equipos, productos sider\u00fargicos y de la agroindustria<\/p>\n","protected":false},"author":3,"featured_media":12426,"comment_status":"closed","ping_status":"closed","sticky":false,"template":"","format":"standard","meta":{"_monsterinsights_skip_tracking":false,"_monsterinsights_sitenote_active":false,"_monsterinsights_sitenote_note":"","_monsterinsights_sitenote_category":0,"footnotes":""},"categories":[749],"tags":[5172,595,95,5171],"class_list":["post-12425","post","type-post","status-publish","format-standard","has-post-thumbnail","hentry","category-pymes","tag-consorcio","tag-gestion","tag-la-plata","tag-puerto"],"_links":{"self":[{"href":"https:\/\/www.visionweb.com.ar\/index.php?rest_route=\/wp\/v2\/posts\/12425","targetHints":{"allow":["GET"]}}],"collection":[{"href":"https:\/\/www.visionweb.com.ar\/index.php?rest_route=\/wp\/v2\/posts"}],"about":[{"href":"https:\/\/www.visionweb.com.ar\/index.php?rest_route=\/wp\/v2\/types\/post"}],"author":[{"embeddable":true,"href":"https:\/\/www.visionweb.com.ar\/index.php?rest_route=\/wp\/v2\/users\/3"}],"replies":[{"embeddable":true,"href":"https:\/\/www.visionweb.com.ar\/index.php?rest_route=%2Fwp%2Fv2%2Fcomments&post=12425"}],"version-history":[{"count":1,"href":"https:\/\/www.visionweb.com.ar\/index.php?rest_route=\/wp\/v2\/posts\/12425\/revisions"}],"predecessor-version":[{"id":12429,"href":"https:\/\/www.visionweb.com.ar\/index.php?rest_route=\/wp\/v2\/posts\/12425\/revisions\/12429"}],"wp:featuredmedia":[{"embeddable":true,"href":"https:\/\/www.visionweb.com.ar\/index.php?rest_route=\/wp\/v2\/media\/12426"}],"wp:attachment":[{"href":"https:\/\/www.visionweb.com.ar\/index.php?rest_route=%2Fwp%2Fv2%2Fmedia&parent=12425"}],"wp:term":[{"taxonomy":"category","embeddable":true,"href":"https:\/\/www.visionweb.com.ar\/index.php?rest_route=%2Fwp%2Fv2%2Fcategories&post=12425"},{"taxonomy":"post_tag","embeddable":true,"href":"https:\/\/www.visionweb.com.ar\/index.php?rest_route=%2Fwp%2Fv2%2Ftags&post=12425"}],"curies":[{"name":"wp","href":"https:\/\/api.w.org\/{rel}","templated":true}]}}