{"id":12419,"date":"2023-11-03T13:53:45","date_gmt":"2023-11-03T16:53:45","guid":{"rendered":"https:\/\/www.visionweb.com.ar\/?p=12419"},"modified":"2023-11-03T13:53:45","modified_gmt":"2023-11-03T16:53:45","slug":"economia-el-indice-de-precios-semanal-volvio-a-marcar-una-suba-del-22","status":"publish","type":"post","link":"https:\/\/www.visionweb.com.ar\/?p=12419","title":{"rendered":"Econom\u00eda: El \u00edndice de precios semanal volvi\u00f3 a marcar una suba del 2,2%"},"content":{"rendered":"<p><strong><em>El dato corresponde a la semana que va del 23 al 29\/10\/2023. El llamado \u00edndice Rubinstein acumul\u00f3 en cuatro semanas 9,3%.<\/em><\/strong><!--more--><\/p>\n<p><img loading=\"lazy\" decoding=\"async\" class=\"size-full wp-image-10614 alignright\" src=\"https:\/\/www.visionweb.com.ar\/wp-content\/uploads\/2023\/05\/super.png\" alt=\"\" width=\"240\" height=\"135\" \/> \u00a0<strong>E<\/strong>l \u00edndice de precios que elabora el Ministerio de Econom\u00eda marc\u00f3 una suba del 2,2% por tercera semana consecutiva, lo que aceler\u00f3 el nivel de inflaci\u00f3n acumulado de cuatro semanas del 8,4% al 9,3%.<\/p>\n<p>Cada viernes, desde agosto pasado, la <strong>Secretar\u00eda de Pol\u00edtica Econ\u00f3mica<\/strong> (SPE) del Ministerio de Econom\u00eda, a cargo de Gabriel Rubinstein, publica su <strong>reporte de inflaci\u00f3n<\/strong>.<\/p>\n<p>\u201cDe acuerdo al relevamiento semanal que realiza esta Secretar\u00eda, en la semana que va del 23\/10\/2023 al 29\/10\/2023, los <strong>precios a nivel minorista habr\u00edan subido un 2,2%<\/strong>\u201d, se\u00f1al\u00f3 el comunicado de Pol\u00edtica Econ\u00f3mica.<\/p>\n<p>\u201cEn el relevamiento semanal, se destacan por subas mayores al promedio (2,2%) los rubros de Indumentaria (4,2%), Carnes (3,5%), Frutas (3,2%) y Regulados (2,8%). En cambio, subieron por debajo del promedio Alimentos y Bebidas de almac\u00e9n (1,3%) y Verduras (1,5%)\u201d, detall\u00f3 el informe.<\/p>\n<p>A la vez, el relevamiento detall\u00f3 que \u201cLa suba semanal del 2,2%, se dio en un contexto de <strong>actualizaciones de algunos rubros regulados como tabaco y combustibles, y de aumentos recientes en productos c\u00e1rnicos<\/strong>\u201d.<\/p>\n<p>\u201cSe espera que la pr\u00f3xima semana muestre cifras similares debido a la actualizaci\u00f3n de precios regulados los primeros d\u00edas de noviembre\u201d, resumi\u00f3 el informe.<\/p>\n<p>\u201cLuego de los picos de agosto del orden del 15% en el acumulado de 4 semanas, los registros han bajado, registr\u00e1ndose un m\u00ednimo de 7,8% el 8\/10\/2023. En <strong>el registro de las 4 semanas acumuladas al 29\/10\/2023, las subas han sido del 9,3%<\/strong>\u201d.<\/p>\n<p>\u201cEsta tendencia de suba en los acumulados de 4 semanas, en un contexto de nerviosismo pre electoral (primera vuelta el 22\/10\/2023), estimamos habr\u00e1 de moderarse en registros pr\u00f3ximos\u201d, concluy\u00f3 el relevamiento oficial. <strong>(VW)<\/strong><\/p>\n<p>&nbsp;<\/p>\n","protected":false},"excerpt":{"rendered":"<p>El dato corresponde a la semana que va del 23 al 29\/10\/2023. El llamado \u00edndice Rubinstein acumul\u00f3 en cuatro semanas 9,3%.<\/p>\n","protected":false},"author":4,"featured_media":10614,"comment_status":"closed","ping_status":"closed","sticky":false,"template":"","format":"standard","meta":{"_monsterinsights_skip_tracking":false,"_monsterinsights_sitenote_active":false,"_monsterinsights_sitenote_note":"","_monsterinsights_sitenote_category":0,"footnotes":""},"categories":[6],"tags":[5168,5133,5167],"class_list":["post-12419","post","type-post","status-publish","format-standard","has-post-thumbnail","hentry","category-economia","tag-idice-de-precios-semanal","tag-indice-rubinstein","tag-secretaria-de-politica-economica"],"_links":{"self":[{"href":"https:\/\/www.visionweb.com.ar\/index.php?rest_route=\/wp\/v2\/posts\/12419","targetHints":{"allow":["GET"]}}],"collection":[{"href":"https:\/\/www.visionweb.com.ar\/index.php?rest_route=\/wp\/v2\/posts"}],"about":[{"href":"https:\/\/www.visionweb.com.ar\/index.php?rest_route=\/wp\/v2\/types\/post"}],"author":[{"embeddable":true,"href":"https:\/\/www.visionweb.com.ar\/index.php?rest_route=\/wp\/v2\/users\/4"}],"replies":[{"embeddable":true,"href":"https:\/\/www.visionweb.com.ar\/index.php?rest_route=%2Fwp%2Fv2%2Fcomments&post=12419"}],"version-history":[{"count":1,"href":"https:\/\/www.visionweb.com.ar\/index.php?rest_route=\/wp\/v2\/posts\/12419\/revisions"}],"predecessor-version":[{"id":12420,"href":"https:\/\/www.visionweb.com.ar\/index.php?rest_route=\/wp\/v2\/posts\/12419\/revisions\/12420"}],"wp:featuredmedia":[{"embeddable":true,"href":"https:\/\/www.visionweb.com.ar\/index.php?rest_route=\/wp\/v2\/media\/10614"}],"wp:attachment":[{"href":"https:\/\/www.visionweb.com.ar\/index.php?rest_route=%2Fwp%2Fv2%2Fmedia&parent=12419"}],"wp:term":[{"taxonomy":"category","embeddable":true,"href":"https:\/\/www.visionweb.com.ar\/index.php?rest_route=%2Fwp%2Fv2%2Fcategories&post=12419"},{"taxonomy":"post_tag","embeddable":true,"href":"https:\/\/www.visionweb.com.ar\/index.php?rest_route=%2Fwp%2Fv2%2Ftags&post=12419"}],"curies":[{"name":"wp","href":"https:\/\/api.w.org\/{rel}","templated":true}]}}