{"id":12415,"date":"2023-11-03T08:41:05","date_gmt":"2023-11-03T11:41:05","guid":{"rendered":"https:\/\/www.visionweb.com.ar\/?p=12415"},"modified":"2023-11-03T08:41:05","modified_gmt":"2023-11-03T11:41:05","slug":"la-plata-la-justicia-confirmo-a-julio-alak-como-intendente","status":"publish","type":"post","link":"https:\/\/www.visionweb.com.ar\/?p=12415","title":{"rendered":"La Plata: La Justicia confirm\u00f3 a Julio Alak como intendente"},"content":{"rendered":"<p><em><strong>No abrir\u00e1 m\u00e1s urnas y asegur\u00f3 que el planteo de Juntos por el Cambio \u201cdesnaturaliza el procedimiento electoral\u201d. Julio Garro apelar\u00e1 la decisi\u00f3n.<\/strong><\/em><!--more--><\/p>\n<div id=\"attachment_12291\" style=\"width: 282px\" class=\"wp-caption alignright\"><img loading=\"lazy\" decoding=\"async\" aria-describedby=\"caption-attachment-12291\" class=\"wp-image-12291 size-full\" src=\"https:\/\/www.visionweb.com.ar\/wp-content\/uploads\/2023\/10\/Julio-Alak.png\" alt=\"\" width=\"272\" height=\"236\" \/><p id=\"caption-attachment-12291\" class=\"wp-caption-text\">La Justicia confirm\u00f3 a Julio Alak como intendente.<\/p><\/div>\n<p><strong>\u00a0\u00a0 L<\/strong>a<strong> Junta Electoral bonaerense, <\/strong>compuesta por el juez federal de La Plata\u00a0Alejo Ramos Padilla, el presidente de la Suprema Corte de Justicia bonaerense,\u00a0Sergio Torres, y el titular de la C\u00e1mara Federal de Apelaciones,\u00a0Roberto Lemos Arias, resolvi\u00f3 en la noche del jueves<strong> proclamar al candidato de Uni\u00f3n por la Patria (UxP),\u00a0Julio Alak, como ganador <\/strong>en la controvertida contienda por la intendencia.<\/p>\n<p><strong>A la vez, desestim\u00f3 el pedido de apertura de todas las urnas que efectu\u00f3 el actual intendente,\u00a0Julio Garro, de Juntos por el Cambio (JxC).<\/strong><\/p>\n<p><strong>El escrutinio definitivo, <\/strong>con apertura de 79 urnas incluido, termin\u00f3 con <strong>una diferencia de 566 votos a favor de Julio Alak, <\/strong>dato que lo dej\u00f3 como<strong> nuevo intendente de La Plata.<\/strong><\/p>\n<p>Los<strong>\u00a0<\/strong>800.000\u00a0habitantes de la capital de la provincia de Buenos Aires tuvieron m\u00e1s de diez d\u00edas de incertidumbre hasta que finalizado el conteo manual de votos en el escrutinio definitivo Julio Alak,\u00a0ministro de Justicia bonaerense, se declar\u00f3 vencedor.<\/p>\n<p>Aunque a la vez, el intendente en ejercicio,\u00a0<strong>Julio Garro<\/strong> (Pro), pidi\u00f3 que se <strong>abran todas urnas de los comicios tras detectar irregularidades,<\/strong> ya que dos de las urnas escrutadas <strong>no conten\u00edan boletas en los sobres hallados en su interior<\/strong>.<\/p>\n<p>Tras 11 d\u00edas de debates y especulaciones, el peronismo representado por Uni\u00f3n por la Patria, volver\u00e1 a gobernar la capital bonaerense despu\u00e9s de 8 a\u00f1os. El \u00faltimo alcalde de ese signo pol\u00edtico fue\u00a0<strong>Pablo Bruera<\/strong> entre 2007 y 2015.<\/p>\n<p>por su parte, <strong>Julio<\/strong> <strong>Garro, <\/strong>luego de que el Tribunal Electoral decidiera rechazar el pedido de Juntos por el Cambio de abrir todas las urnas de las elecciones en La Plata,\u00a0<strong>anunci\u00f3 que apelar\u00e1 el fallo e insistir\u00e1 en que se cuenten nuevamente todos los votos.<\/strong><\/p>\n<p><strong>\u201cSi algo qued\u00f3 claro despu\u00e9s de lo que vivimos durante las \u00faltimas horas fue la presencia de irregularidades sistem\u00e1ticas que desvirt\u00faan la voluntad de los platenses\u201d<\/strong>, cuestionaron desde Juntos por el Cambio en un <strong>comunicado donde<\/strong> <strong>anticiparon la apelaci\u00f3n del fallo<\/strong>.<\/p>\n<p>Desde ese espacio aseguran que la tendencia terminar\u00e1 por beneficiar a Garro y dar vuelta la elecci\u00f3n.<strong>\u00a0\u00ab50 de las 79 urnas que se abrieron este jueves en La Plata dejaron en evidencia grav\u00edsimos errores en el conteo de votos\u00bb, aseguraron.<\/strong><\/p>\n<p>Y adujeron que mantienen un compromiso\u00bb con cada uno de los vecinos\u00bb.<strong>\u00a0\u00abNo vamos a parar hasta que el 10 de diciembre asuma quien fue elegido por todos los ciudadanos\u00bb<\/strong>, agregaron.<\/p>\n<p>\u201c<strong>M\u00e1s del 60% de las urnas que se abrieron hoy estaban mal escrutadas<\/strong>, algo que torna completamente imperiosa la apertura de abrirlas en su totalidad si es que queremos conocer la <strong>verdadera voluntad de cada vecino<\/strong> de la ciudad y garantizar la democracia\u201d, manifestaron e insistieron. <strong>(VW)<\/strong><\/p>\n","protected":false},"excerpt":{"rendered":"<p>No abrir\u00e1 m\u00e1s urnas y asegur\u00f3 que el planteo de Juntos por el Cambio \u201cdesnaturaliza el procedimiento electoral\u201d. Julio Garro apelar\u00e1 la decisi\u00f3n.<\/p>\n","protected":false},"author":4,"featured_media":12291,"comment_status":"closed","ping_status":"closed","sticky":false,"template":"","format":"standard","meta":{"_monsterinsights_skip_tracking":false,"_monsterinsights_sitenote_active":false,"_monsterinsights_sitenote_note":"","_monsterinsights_sitenote_category":0,"footnotes":""},"categories":[4],"tags":[5163,5164],"class_list":["post-12415","post","type-post","status-publish","format-standard","has-post-thumbnail","hentry","category-politica","tag-elecciones-en-la-plata","tag-la-justicia-dio-por-ganador-a-alak"],"_links":{"self":[{"href":"https:\/\/www.visionweb.com.ar\/index.php?rest_route=\/wp\/v2\/posts\/12415","targetHints":{"allow":["GET"]}}],"collection":[{"href":"https:\/\/www.visionweb.com.ar\/index.php?rest_route=\/wp\/v2\/posts"}],"about":[{"href":"https:\/\/www.visionweb.com.ar\/index.php?rest_route=\/wp\/v2\/types\/post"}],"author":[{"embeddable":true,"href":"https:\/\/www.visionweb.com.ar\/index.php?rest_route=\/wp\/v2\/users\/4"}],"replies":[{"embeddable":true,"href":"https:\/\/www.visionweb.com.ar\/index.php?rest_route=%2Fwp%2Fv2%2Fcomments&post=12415"}],"version-history":[{"count":1,"href":"https:\/\/www.visionweb.com.ar\/index.php?rest_route=\/wp\/v2\/posts\/12415\/revisions"}],"predecessor-version":[{"id":12416,"href":"https:\/\/www.visionweb.com.ar\/index.php?rest_route=\/wp\/v2\/posts\/12415\/revisions\/12416"}],"wp:featuredmedia":[{"embeddable":true,"href":"https:\/\/www.visionweb.com.ar\/index.php?rest_route=\/wp\/v2\/media\/12291"}],"wp:attachment":[{"href":"https:\/\/www.visionweb.com.ar\/index.php?rest_route=%2Fwp%2Fv2%2Fmedia&parent=12415"}],"wp:term":[{"taxonomy":"category","embeddable":true,"href":"https:\/\/www.visionweb.com.ar\/index.php?rest_route=%2Fwp%2Fv2%2Fcategories&post=12415"},{"taxonomy":"post_tag","embeddable":true,"href":"https:\/\/www.visionweb.com.ar\/index.php?rest_route=%2Fwp%2Fv2%2Ftags&post=12415"}],"curies":[{"name":"wp","href":"https:\/\/api.w.org\/{rel}","templated":true}]}}