{"id":12404,"date":"2023-11-02T09:23:35","date_gmt":"2023-11-02T12:23:35","guid":{"rendered":"https:\/\/www.visionweb.com.ar\/?p=12404"},"modified":"2023-11-02T09:33:33","modified_gmt":"2023-11-02T12:33:33","slug":"precios-justos-los-siete-cortes-de-carne-aumentan-10-en-noviembre","status":"publish","type":"post","link":"https:\/\/www.visionweb.com.ar\/?p=12404","title":{"rendered":"Precios Justos: Los siete cortes de carne aumentan 10% en noviembre"},"content":{"rendered":"<p class=\"article__headline\"><em><strong>La Secretar\u00eda de Comercio renov\u00f3 el acuerdo del programa Precios Justos para los cortes m\u00e1s consumidos hasta el 30 de noviembre y el aumento de la hacienda ser\u00e1 del 10%.<\/strong><\/em><!--more--><\/p>\n<p><strong><img loading=\"lazy\" decoding=\"async\" class=\"size-medium wp-image-7626 alignleft\" src=\"https:\/\/www.visionweb.com.ar\/wp-content\/uploads\/2022\/10\/carnes-300x189.jpg\" alt=\"\" width=\"300\" height=\"189\" srcset=\"https:\/\/www.visionweb.com.ar\/wp-content\/uploads\/2022\/10\/carnes-300x189.jpg 300w, https:\/\/www.visionweb.com.ar\/wp-content\/uploads\/2022\/10\/carnes.bmp 592w\" sizes=\"auto, (max-width: 300px) 100vw, 300px\" \/>E<\/strong>n el marco del programa Precios Justos, el Gobierno actualiz\u00f3 los valores de los siete cortes de carne m\u00e1s consumidos. La nueva edici\u00f3n se extender\u00e1 hasta el 30 de noviembre y representa un aumento de 10% desde la \u00faltima actualizaci\u00f3n.<\/p>\n<p>Cabe aclarar que en la regi\u00f3n patag\u00f3nica se aplica un diferencial de 6% y que los cortes disponibles all\u00ed no tienen hueso, inform\u00f3 <strong>la agencia NA<\/strong>.<\/p>\n<p>Los siete cortes de carne del programa Precios Justos se mantienen vigentes en supermercados y carnicer\u00edas adheridas en todo el pa\u00eds.<\/p>\n<p>El rubro fue el que m\u00e1s sufri\u00f3 el incremento de precios durante los \u00faltimos meses: el Instituto de Promoci\u00f3n de la Carne Vacuna Argentina (Ipcva) registr\u00f3 una suba del 30,2% en agosto y del 19,4% en septiembre. En tanto, en octubre se estiman alzas de entre un 15% y 20%.<\/p>\n<p>No obstante, en di\u00e1logo con Canal E, Sergio Pedace, miembro de la C\u00e1mara Argentina de Matarifes y Abastecedores (CAMYA), asegur\u00f3 que \u201cCon el aumento del combustible y paritarias del 70% no nos tiene que sorprender que aumenten los precios\u201d.<\/p>\n<p>Al respecto, luego de d\u00edas de escasez de combustibles, se puede ver en los surtidores, tanto de nafta como de gasoil, incrementos que van entre el 7% y 10% promedio. Por otra parte, la Federaci\u00f3n Gremial del Personal de la Industria de la Carne y sus Derivados, liderada por Alberto Jos\u00e9 Fantini y que cuenta con m\u00e1s de 50.000 afiliados, cerr\u00f3 una paritaria para Carnes Rojas del 70% para los pr\u00f3ximos 4 meses a fin de recomponer los salarios frente a la creciente inflaci\u00f3n.<\/p>\n<p><strong>Hasta el 30 de noviembre, estos siete cortes de carne tendr\u00e1n los siguientes precios:<\/strong><\/p>\n<p><strong>Nalga: $2.146<\/strong><br \/>\n<strong>Vac\u00edo: $2.110<\/strong><br \/>\n<strong>Matambre: $2.045<\/strong><br \/>\n<strong>Paleta: $1.737<\/strong><br \/>\n<strong>Asado: $1.616<\/strong><br \/>\n<strong>Tapa de asado: $1.616<\/strong><br \/>\n<strong>Falda: $1.052<\/strong><\/p>\n<p>Descuentos en carnicer\u00edas<\/p>\n<p>Por otro lado, se puede obtener un descuento de 10% todos los d\u00edas, abonando con tarjetas de d\u00e9bito bancarias y no bancarias, con un tope de $2.000 mensuales, mientras que los s\u00e1bados y domingos se agrega un 40% de reintegro con tarjetas de d\u00e9bito y cr\u00e9dito del Banco de la Naci\u00f3n Argentina y pagos con la aplicaci\u00f3n MODO BNA+, con un m\u00e1ximo de $4.500 por transacci\u00f3n.<\/p>\n<p>Asimismo, en la provincia de Buenos Aires, los fines de semana se puede obtener 35% de reintegro con Cuenta DNI del Banco Provincia en m\u00e1s de 9.000 comercios y tope de reintegro de $4.500 por semana y por persona.<\/p>\n<p>Por otra parte, contin\u00faa vigente el programa \u201cCompre sin IVA\u201d, a trav\u00e9s del cual la AFIP realiza la devoluci\u00f3n del 21% sobre las compras de productos de la canasta b\u00e1sica realizadas con tarjeta de d\u00e9bito en supermercados, minimercados y comercios de cercan\u00eda, con un tope de $18.800 mensual<strong>(VW)<\/strong>.<\/p>\n","protected":false},"excerpt":{"rendered":"<p>La Secretar\u00eda de Comercio renov\u00f3 el acuerdo del programa Precios Justos para los cortes m\u00e1s consumidos hasta el 30 de noviembre y el aumento de la hacienda ser\u00e1 del 10%.<\/p>\n","protected":false},"author":3,"featured_media":9607,"comment_status":"closed","ping_status":"closed","sticky":false,"template":"","format":"standard","meta":{"_monsterinsights_skip_tracking":false,"_monsterinsights_sitenote_active":false,"_monsterinsights_sitenote_note":"","_monsterinsights_sitenote_category":0,"footnotes":""},"categories":[8],"tags":[],"class_list":["post-12404","post","type-post","status-publish","format-standard","has-post-thumbnail","hentry","category-interes-general"],"_links":{"self":[{"href":"https:\/\/www.visionweb.com.ar\/index.php?rest_route=\/wp\/v2\/posts\/12404","targetHints":{"allow":["GET"]}}],"collection":[{"href":"https:\/\/www.visionweb.com.ar\/index.php?rest_route=\/wp\/v2\/posts"}],"about":[{"href":"https:\/\/www.visionweb.com.ar\/index.php?rest_route=\/wp\/v2\/types\/post"}],"author":[{"embeddable":true,"href":"https:\/\/www.visionweb.com.ar\/index.php?rest_route=\/wp\/v2\/users\/3"}],"replies":[{"embeddable":true,"href":"https:\/\/www.visionweb.com.ar\/index.php?rest_route=%2Fwp%2Fv2%2Fcomments&post=12404"}],"version-history":[{"count":1,"href":"https:\/\/www.visionweb.com.ar\/index.php?rest_route=\/wp\/v2\/posts\/12404\/revisions"}],"predecessor-version":[{"id":12405,"href":"https:\/\/www.visionweb.com.ar\/index.php?rest_route=\/wp\/v2\/posts\/12404\/revisions\/12405"}],"wp:featuredmedia":[{"embeddable":true,"href":"https:\/\/www.visionweb.com.ar\/index.php?rest_route=\/wp\/v2\/media\/9607"}],"wp:attachment":[{"href":"https:\/\/www.visionweb.com.ar\/index.php?rest_route=%2Fwp%2Fv2%2Fmedia&parent=12404"}],"wp:term":[{"taxonomy":"category","embeddable":true,"href":"https:\/\/www.visionweb.com.ar\/index.php?rest_route=%2Fwp%2Fv2%2Fcategories&post=12404"},{"taxonomy":"post_tag","embeddable":true,"href":"https:\/\/www.visionweb.com.ar\/index.php?rest_route=%2Fwp%2Fv2%2Ftags&post=12404"}],"curies":[{"name":"wp","href":"https:\/\/api.w.org\/{rel}","templated":true}]}}