{"id":12399,"date":"2023-11-01T13:16:13","date_gmt":"2023-11-01T16:16:13","guid":{"rendered":"https:\/\/www.visionweb.com.ar\/?p=12399"},"modified":"2023-11-01T13:17:09","modified_gmt":"2023-11-01T16:17:09","slug":"alerta-por-la-crecida-del-rio-de-la-plata-hasta-el-viernes","status":"publish","type":"post","link":"https:\/\/www.visionweb.com.ar\/?p=12399","title":{"rendered":"Alerta por la crecida del R\u00edo de la Plata, hasta el viernes"},"content":{"rendered":"<p><em><strong>El anuncio lo emiti\u00f3 el Centro de Prevenci\u00f3n de Crecidas del Servicio de Hidrograf\u00eda Naval. La situaci\u00f3n de crecida se mantendr\u00e1 hasta el pr\u00f3ximo viernes. <\/strong><\/em><!--more--><\/p>\n<p><strong><img loading=\"lazy\" decoding=\"async\" class=\"size-medium wp-image-12400 alignright\" src=\"https:\/\/www.visionweb.com.ar\/wp-content\/uploads\/2023\/11\/Alerta-por-crecida-300x185.png\" alt=\"\" width=\"300\" height=\"185\" srcset=\"https:\/\/www.visionweb.com.ar\/wp-content\/uploads\/2023\/11\/Alerta-por-crecida-300x185.png 300w, https:\/\/www.visionweb.com.ar\/wp-content\/uploads\/2023\/11\/Alerta-por-crecida.png 549w\" sizes=\"auto, (max-width: 300px) 100vw, 300px\" \/>\u00a0 E<\/strong>l\u00a0<strong>Servicio de Hidrograf\u00eda Naval (SHN)<\/strong>\u00a0emiti\u00f3 este mi\u00e9rcoles 1 de noviembre una alerta ante la crecida del\u00a0<strong>R\u00edo de la Plata<\/strong>\u00a0que se espera en la Ciudad Aut\u00f3noma de Buenos Aires (CABA) y las zonas costeras sur y norte del\u00a0conurbano bonaerense.<\/p>\n<p>El Centro de Prevenci\u00f3n de Crecidas del Servicio de Hidrograf\u00eda Naval, dependiente del Ministerio de Defensa, emiti\u00f3 en la noche de ayer un comunicado una alerta por una crecida del R\u00edo de la Plata.<\/p>\n<p>En ese sentido, las autoridades de Defensa Civil, tanto de Ensenada como de Berisso, activaron todos los mecanismos de prevenci\u00f3n ante la posibilidad de desborde, ya que el nivel se encuentra un metro y cuarenta cent\u00edmetros sobre los valores indicados en la tabla de marea.<\/p>\n<p>Seg\u00fan el organismo, se trata de una \u201csituaci\u00f3n especial por evento hidrometeorol\u00f3gico\u201d, y que se mantendr\u00e1 al menos hasta las primeras horas del pr\u00f3ximo viernes. A la hora de explicar los motivos de semejante crecida, la principal causa son los fuertes vientos y las lluvias.<\/p>\n<p>Desde el Servicio Meteorol\u00f3gico Nacional indicaron que las precipitaciones se mantendr\u00e1n en la regi\u00f3n, y es por esto que es necesario mantener todas las precauciones. En caso de sostenerse los fuertes vientos, ser\u00e1 tambi\u00e9n un factor importante a tener en cuenta ya que colaborar\u00e1 con la crecida y el desborde, perjudicando as\u00ed a las distintas localidades de la zona.<\/p>\n<p>Los<strong>\u00a0picos m\u00e1ximos<\/strong>\u00a0tendr\u00e1n lugar: en el\u00a0<strong>Puerto de La Plata<\/strong>: a las 20:30 horas (2.60), en el Puerto de Buenos Aires (D\u00e1rsena F) a las 22:30 horas (2.70), en\u00a0<strong>San Fernando<\/strong>\u00a0a las 12:00 horas (2.60) y a las 23:00 horas (2.90), y en la Isla Mart\u00edn Garc\u00eda a las 23:30 horas (2.20).<\/p>\n<p>Ya desde la jornada de ayer, el SHN alert\u00f3 por la crecida del R\u00edo de La Plata,<strong>\u00a0CABA, Zona Costera Norte y Sur del Conurbano Bonaerense<\/strong>. \u00abEl R\u00edo de La Plata interior se encuentra durante la noche de hoy martes 31 de octubre, un metro cincuenta cent\u00edmetros sobre los valores en las tablas de marea\u00bb, detallaron.<\/p>\n<p>Vale recordar que ante cualquier consulta, se puede escribir al Centro de Prevenci\u00f3n de Crecidas &#8211; Secci\u00f3n Pron\u00f3stico Mareol\u00f3gico, del Servicio de Hidrograf\u00eda Naval al siguiente mail:\u00a0<a href=\"mailto:pronomarea@hidro.gov.ar\">pronomarea@hidro.gov.ar<\/a><\/p>\n<p>Mientras tanto, en todo el territorio provincial se esperan temperaturas de fr\u00edas a templadas y cielo mayormente cubierto en este mi\u00e9rcoles 1 de noviembre. Adem\u00e1s,\u00a0<strong>el Servicio Meteorol\u00f3gico Nacional (SMN) advirti\u00f3 que habr\u00e1 precipitaciones por la tarde y noche en algunas zonas. (VW)<\/strong><\/p>\n","protected":false},"excerpt":{"rendered":"<p>El anuncio lo emiti\u00f3 el Centro de Prevenci\u00f3n de Crecidas del Servicio de Hidrograf\u00eda Naval. La situaci\u00f3n de crecida se mantendr\u00e1 hasta el pr\u00f3ximo viernes.<\/p>\n","protected":false},"author":4,"featured_media":12400,"comment_status":"closed","ping_status":"closed","sticky":false,"template":"","format":"standard","meta":{"_monsterinsights_skip_tracking":false,"_monsterinsights_sitenote_active":false,"_monsterinsights_sitenote_note":"","_monsterinsights_sitenote_category":0,"footnotes":""},"categories":[8],"tags":[5157,5158,1629],"class_list":["post-12399","post","type-post","status-publish","format-standard","has-post-thumbnail","hentry","category-interes-general","tag-alerta-por-crecida-del-rio-de-la-plata","tag-servicio-de-hidrografia-naval","tag-smn"],"_links":{"self":[{"href":"https:\/\/www.visionweb.com.ar\/index.php?rest_route=\/wp\/v2\/posts\/12399","targetHints":{"allow":["GET"]}}],"collection":[{"href":"https:\/\/www.visionweb.com.ar\/index.php?rest_route=\/wp\/v2\/posts"}],"about":[{"href":"https:\/\/www.visionweb.com.ar\/index.php?rest_route=\/wp\/v2\/types\/post"}],"author":[{"embeddable":true,"href":"https:\/\/www.visionweb.com.ar\/index.php?rest_route=\/wp\/v2\/users\/4"}],"replies":[{"embeddable":true,"href":"https:\/\/www.visionweb.com.ar\/index.php?rest_route=%2Fwp%2Fv2%2Fcomments&post=12399"}],"version-history":[{"count":3,"href":"https:\/\/www.visionweb.com.ar\/index.php?rest_route=\/wp\/v2\/posts\/12399\/revisions"}],"predecessor-version":[{"id":12403,"href":"https:\/\/www.visionweb.com.ar\/index.php?rest_route=\/wp\/v2\/posts\/12399\/revisions\/12403"}],"wp:featuredmedia":[{"embeddable":true,"href":"https:\/\/www.visionweb.com.ar\/index.php?rest_route=\/wp\/v2\/media\/12400"}],"wp:attachment":[{"href":"https:\/\/www.visionweb.com.ar\/index.php?rest_route=%2Fwp%2Fv2%2Fmedia&parent=12399"}],"wp:term":[{"taxonomy":"category","embeddable":true,"href":"https:\/\/www.visionweb.com.ar\/index.php?rest_route=%2Fwp%2Fv2%2Fcategories&post=12399"},{"taxonomy":"post_tag","embeddable":true,"href":"https:\/\/www.visionweb.com.ar\/index.php?rest_route=%2Fwp%2Fv2%2Ftags&post=12399"}],"curies":[{"name":"wp","href":"https:\/\/api.w.org\/{rel}","templated":true}]}}