{"id":12396,"date":"2023-11-01T12:55:00","date_gmt":"2023-11-01T15:55:00","guid":{"rendered":"https:\/\/www.visionweb.com.ar\/?p=12396"},"modified":"2023-11-01T12:55:00","modified_gmt":"2023-11-01T15:55:00","slug":"debate-presidencial-milei-massa-se-realizo-hoy-el-sorteo-de-temas","status":"publish","type":"post","link":"https:\/\/www.visionweb.com.ar\/?p=12396","title":{"rendered":"Debate presidencial Milei-Massa: Se realiz\u00f3 hoy el sorteo de temas\u00a0"},"content":{"rendered":"<p><em><strong>Ser\u00e1 el domingo 12 de noviembre, se sortearon los seis ejes tem\u00e1ticos, y los moderadores que conducir\u00e1n el evento. Milei estar\u00e1 a la izquierda de la pantalla, y Massa a la derecha.<\/strong><\/em><br \/>\n<!--more--><\/p>\n<p><img loading=\"lazy\" decoding=\"async\" class=\"size-medium wp-image-12397 alignright\" src=\"https:\/\/www.visionweb.com.ar\/wp-content\/uploads\/2023\/11\/debate-presid-300x169.png\" alt=\"\" width=\"300\" height=\"169\" srcset=\"https:\/\/www.visionweb.com.ar\/wp-content\/uploads\/2023\/11\/debate-presid-300x169.png 300w, https:\/\/www.visionweb.com.ar\/wp-content\/uploads\/2023\/11\/debate-presid.png 615w\" sizes=\"auto, (max-width: 300px) 100vw, 300px\" \/>\u00a0\u00a0 <strong>L<\/strong>a C\u00e1mara Nacional Electoral sorte\u00f3 este mi\u00e9rcoles los seis ejes tem\u00e1ticos del debate presidencial establecido por ley, que tendr\u00e1 como protagonistas a Sergio Massa, de Uni\u00f3n por la Patria, y Javier Milei de La Libertad Avanza.<\/p>\n<p>El debate presidencial se desarrollar\u00e1 el domingo 12 de noviembre en la Facultad de Derecho de la Universidad de Buenos Aires, a partir de las 21 horas.<\/p>\n<p>As\u00ed, el evento comenzar\u00e1 con un minuto de presentaci\u00f3n para cada postulante y luego seis ejes tem\u00e1ticos de 12 minutos (separados por dos bloques de tres cada uno).<\/p>\n<p>Cuando un candidato termine de hablar el otro podr\u00e1 replicarlo. No podr\u00e1n tener apuntes, aunque s\u00ed tomar notas.<\/p>\n<p>Los moderadores ser\u00e1n los periodistas: Luciana Geuna (Canal 13), Pablo Vigna (TV P\u00fablica), \u00c9rica Fontana (Telefe) y Antonio Laje (Am\u00e9rica). Podr\u00e1n intervenir s\u00f3lo para recordar el tiempo de exposici\u00f3n (no m\u00e1s de dos minutos).<\/p>\n<p>Luego, en el \u00faltimo bloque los aspirantes a la Presidencia tendr\u00e1n dos minutos para finalizar.<\/p>\n<p><strong>Cu\u00e1les son los temas que debatir\u00e1n Massa y Milei<\/strong><\/p>\n<ol>\n<li>Econom\u00eda<\/li>\n<li>Relaciones de Argentina con el mundo<\/li>\n<li>Educaci\u00f3n y Salud<\/li>\n<li>Producci\u00f3n y Trabajo<\/li>\n<li>Seguridad<\/li>\n<li>Derechos Humanos y Convivencia Democr\u00e1tica<\/li>\n<\/ol>\n<p>En el atril de la izquierda (desde el punto de vista del televidente) estar\u00e1 Javier Milei, y en el extremo de la derecha, Sergio Massa, quien ser\u00e1 el primero y el \u00faltimo en hablar. <strong>(VW)<\/strong><\/p>\n","protected":false},"excerpt":{"rendered":"<p>Ser\u00e1 el domingo 12 de noviembre, se sortearon los seis ejes tem\u00e1ticos, y los moderadores que conducir\u00e1n el evento. Milei estar\u00e1 a la izquierda de la pantalla, y Massa a la derecha.<\/p>\n","protected":false},"author":4,"featured_media":12397,"comment_status":"closed","ping_status":"closed","sticky":false,"template":"","format":"standard","meta":{"_monsterinsights_skip_tracking":false,"_monsterinsights_sitenote_active":false,"_monsterinsights_sitenote_note":"","_monsterinsights_sitenote_category":0,"footnotes":""},"categories":[4],"tags":[3338,5155,5156,1383],"class_list":["post-12396","post","type-post","status-publish","format-standard","has-post-thumbnail","hentry","category-politica","tag-cne","tag-debate-presidencial","tag-sorteo","tag-temas"],"_links":{"self":[{"href":"https:\/\/www.visionweb.com.ar\/index.php?rest_route=\/wp\/v2\/posts\/12396","targetHints":{"allow":["GET"]}}],"collection":[{"href":"https:\/\/www.visionweb.com.ar\/index.php?rest_route=\/wp\/v2\/posts"}],"about":[{"href":"https:\/\/www.visionweb.com.ar\/index.php?rest_route=\/wp\/v2\/types\/post"}],"author":[{"embeddable":true,"href":"https:\/\/www.visionweb.com.ar\/index.php?rest_route=\/wp\/v2\/users\/4"}],"replies":[{"embeddable":true,"href":"https:\/\/www.visionweb.com.ar\/index.php?rest_route=%2Fwp%2Fv2%2Fcomments&post=12396"}],"version-history":[{"count":1,"href":"https:\/\/www.visionweb.com.ar\/index.php?rest_route=\/wp\/v2\/posts\/12396\/revisions"}],"predecessor-version":[{"id":12398,"href":"https:\/\/www.visionweb.com.ar\/index.php?rest_route=\/wp\/v2\/posts\/12396\/revisions\/12398"}],"wp:featuredmedia":[{"embeddable":true,"href":"https:\/\/www.visionweb.com.ar\/index.php?rest_route=\/wp\/v2\/media\/12397"}],"wp:attachment":[{"href":"https:\/\/www.visionweb.com.ar\/index.php?rest_route=%2Fwp%2Fv2%2Fmedia&parent=12396"}],"wp:term":[{"taxonomy":"category","embeddable":true,"href":"https:\/\/www.visionweb.com.ar\/index.php?rest_route=%2Fwp%2Fv2%2Fcategories&post=12396"},{"taxonomy":"post_tag","embeddable":true,"href":"https:\/\/www.visionweb.com.ar\/index.php?rest_route=%2Fwp%2Fv2%2Ftags&post=12396"}],"curies":[{"name":"wp","href":"https:\/\/api.w.org\/{rel}","templated":true}]}}