{"id":12386,"date":"2023-10-31T18:43:52","date_gmt":"2023-10-31T21:43:52","guid":{"rendered":"https:\/\/www.visionweb.com.ar\/?p=12386"},"modified":"2023-10-31T18:43:52","modified_gmt":"2023-10-31T21:43:52","slug":"petroleras-aseguran-que-se-normaliza-la-prtovision-de-combustible","status":"publish","type":"post","link":"https:\/\/www.visionweb.com.ar\/?p=12386","title":{"rendered":"Petroleras aseguran que se normaliza la prtovisi\u00f3n de combustible"},"content":{"rendered":"<p><em><strong>La Confederaci\u00f3n del Comercio de los Hidrocarburos de la Rep\u00fablica Argentina (CECHA) se\u00f1al\u00f3 que el abastecimiento se normalizar\u00e1 \u201cesta semana\u201d.<\/strong><\/em><!--more--><\/p>\n<p><img loading=\"lazy\" decoding=\"async\" class=\"size-medium wp-image-10309 alignright\" src=\"https:\/\/www.visionweb.com.ar\/wp-content\/uploads\/2023\/04\/COMBUSTIBLES-300x197.png\" alt=\"\" width=\"300\" height=\"197\" srcset=\"https:\/\/www.visionweb.com.ar\/wp-content\/uploads\/2023\/04\/COMBUSTIBLES-300x197.png 300w, https:\/\/www.visionweb.com.ar\/wp-content\/uploads\/2023\/04\/COMBUSTIBLES.png 640w\" sizes=\"auto, (max-width: 300px) 100vw, 300px\" \/>La Confederaci\u00f3n del Comercio de los Hidrocarburos de la Rep\u00fablica Argentina (Cecha) asegur\u00f3 en la v\u00edspera\u00a0 que \u201cse viene produciendo un incremento en la provisi\u00f3n\u201d y que esta semana \u201cse normalizar\u00e1\u201d el abastecimiento como consecuencia del plan diagramado por las petroleras.<\/p>\n<p>Mediante un comunicado que la C\u00e1mara denomin\u00f3 \u201cPlan de Acci\u00f3n para normalizar el abastecimiento interno\u201d, la entidad inform\u00f3 \u201cque se viene produciendo un incremento en la provisi\u00f3n de combustibles, en los t\u00e9rminos indicados por las petroleras, seg\u00fan el plan de abastecimiento por ellas trazado\u201d.<\/p>\n<p>Asimismo, se consider\u00f3 que \u201cde disponerse en forma continua, con los vol\u00famenes comprometidos, el ritmo de llenado de tanques de nuestras estaciones de servicio, podr\u00e1 regularizarse durante la presente semana, situaci\u00f3n que ya comenz\u00f3 a ser palpable en los grandes centros urbanos\u201d.<\/p>\n<p>Desde Cecha, adem\u00e1s, destacaron que: \u201cResulta importante transmitirles tranquilidad a nuestros clientes, sobre la provisi\u00f3n del combustible, a los efectos de evitar un estr\u00e9s operativo en nuestras unidades de venta, ya que la situaci\u00f3n de abastecimiento tiende a revertirse en forma acelerada\u201d.<\/p>\n<p>Cabe recordar el ministro Massa y candidato presidencial de Uni\u00f3n por la Patria (UxP), advirti\u00f3 a las petroleras, en el fin de semana \u00faltimo durante, que el abastecimiento debi\u00f3 estar resuelto para la \u00faltima\u00a0 medianoche.<\/p>\n<p>\u201cSi el martes a las 12 de la noche no est\u00e1 resuelto el abastecimiento de combustibles, desde el mi\u00e9rcoles no van a poder sacar un barco de exportaci\u00f3n, porque el petr\u00f3leo argentino primero es de los argentinos\u201d, asegur\u00f3 Massa el fin de semana en una conferencia de prensa desde Tucum\u00e1n, donde particip\u00f3 en el acto de jura del gobernador Osvaldo Jaldo<strong>(VW)<\/strong>.<\/p>\n","protected":false},"excerpt":{"rendered":"<p>La Confederaci\u00f3n del Comercio de los Hidrocarburos de la Rep\u00fablica Argentina (CECHA) se\u00f1al\u00f3 que el abastecimiento se normalizar\u00e1 \u201cesta semana\u201d.<\/p>\n","protected":false},"author":3,"featured_media":10309,"comment_status":"closed","ping_status":"closed","sticky":false,"template":"","format":"standard","meta":{"_monsterinsights_skip_tracking":false,"_monsterinsights_sitenote_active":false,"_monsterinsights_sitenote_note":"","_monsterinsights_sitenote_category":0,"footnotes":""},"categories":[3],"tags":[1741,5149,140,286],"class_list":["post-12386","post","type-post","status-publish","format-standard","has-post-thumbnail","hentry","category-actualidad","tag-abastecimiento","tag-amenazas","tag-combustibles","tag-exportaciones"],"_links":{"self":[{"href":"https:\/\/www.visionweb.com.ar\/index.php?rest_route=\/wp\/v2\/posts\/12386","targetHints":{"allow":["GET"]}}],"collection":[{"href":"https:\/\/www.visionweb.com.ar\/index.php?rest_route=\/wp\/v2\/posts"}],"about":[{"href":"https:\/\/www.visionweb.com.ar\/index.php?rest_route=\/wp\/v2\/types\/post"}],"author":[{"embeddable":true,"href":"https:\/\/www.visionweb.com.ar\/index.php?rest_route=\/wp\/v2\/users\/3"}],"replies":[{"embeddable":true,"href":"https:\/\/www.visionweb.com.ar\/index.php?rest_route=%2Fwp%2Fv2%2Fcomments&post=12386"}],"version-history":[{"count":1,"href":"https:\/\/www.visionweb.com.ar\/index.php?rest_route=\/wp\/v2\/posts\/12386\/revisions"}],"predecessor-version":[{"id":12387,"href":"https:\/\/www.visionweb.com.ar\/index.php?rest_route=\/wp\/v2\/posts\/12386\/revisions\/12387"}],"wp:featuredmedia":[{"embeddable":true,"href":"https:\/\/www.visionweb.com.ar\/index.php?rest_route=\/wp\/v2\/media\/10309"}],"wp:attachment":[{"href":"https:\/\/www.visionweb.com.ar\/index.php?rest_route=%2Fwp%2Fv2%2Fmedia&parent=12386"}],"wp:term":[{"taxonomy":"category","embeddable":true,"href":"https:\/\/www.visionweb.com.ar\/index.php?rest_route=%2Fwp%2Fv2%2Fcategories&post=12386"},{"taxonomy":"post_tag","embeddable":true,"href":"https:\/\/www.visionweb.com.ar\/index.php?rest_route=%2Fwp%2Fv2%2Ftags&post=12386"}],"curies":[{"name":"wp","href":"https:\/\/api.w.org\/{rel}","templated":true}]}}