{"id":12378,"date":"2023-10-31T14:24:55","date_gmt":"2023-10-31T17:24:55","guid":{"rendered":"https:\/\/www.visionweb.com.ar\/?p=12378"},"modified":"2023-10-31T14:24:55","modified_gmt":"2023-10-31T17:24:55","slug":"premios-messi-gano-su-octavo-balon-de-oro","status":"publish","type":"post","link":"https:\/\/www.visionweb.com.ar\/?p=12378","title":{"rendered":"Premios: Messi gan\u00f3 su octavo Bal\u00f3n de Oro"},"content":{"rendered":"<p><em><strong>Lo dedic\u00f3 a Maradona en el d\u00eda de su cumplea\u00f1os. Dibu Mart\u00ednez se qued\u00f3 con el premio al mejor arquero del mundo y Aitana Bonmat\u00ed fue elegida la mejor futbolista de 2023.<\/strong><\/em><!--more--><\/p>\n<p><strong><img loading=\"lazy\" decoding=\"async\" class=\"size-medium wp-image-12379 alignright\" src=\"https:\/\/www.visionweb.com.ar\/wp-content\/uploads\/2023\/10\/messi-balon-de-oro-300x222.png\" alt=\"\" width=\"300\" height=\"222\" srcset=\"https:\/\/www.visionweb.com.ar\/wp-content\/uploads\/2023\/10\/messi-balon-de-oro-300x222.png 300w, https:\/\/www.visionweb.com.ar\/wp-content\/uploads\/2023\/10\/messi-balon-de-oro.png 565w\" sizes=\"auto, (max-width: 300px) 100vw, 300px\" \/>\u00a0 L<\/strong>ionel Messi gan\u00f3 el Bal\u00f3n de Oro 2023, en una ceremonia que se desarroll\u00f3 ayer en el Th\u00e9\u00e2tre du Ch\u00e2telet de Par\u00eds, con el noruego Erling Haaland en segundo puesto, y el franc\u00e9s Kylian Mbapp\u00e9 en tercera posici\u00f3n.<\/p>\n<p>\u201cQuiero hacer una menci\u00f3n especial para toda la gente que quiso que sea campe\u00f3n del mundo. Fue muy lindo que gente de diferentes nacionalidades me felicitara por ser campe\u00f3n del mundo. Quiero agradecer a mi familia, a mi mujer y mis hijos por haber estado en los peores momentos y por haberme ayudado cumplir mis objetivos y mis sue\u00f1os. Por \u00faltimo, quiero hacer una menci\u00f3n a Diego. Creo que no hay mejor lugar que hacerlo en un lugar rodeado de jugadores. Donde quieras que est\u00e9s, feliz cumplea\u00f1os Diego\u201d, declar\u00f3 el l\u00edder del f\u00fatbol.<\/p>\n<p>\u201cHoy me toca estar desde otro lado. Estuve muchos a\u00f1os viniendo a esta gala, pero ahora veo j\u00f3venes como Kylian y Erling que no tengo dudas que van a acceder pronto a este premio\u201d, agreg\u00f3.<\/p>\n<p>\u201cNunca so\u00f1\u00e9 llegar a tanto, lo dije muchas veces, estuve en el mejor club y en el mejor equipo del mundo y he pasado mucho malos momentos con la Selecci\u00f3n, pero estoy orgulloso de no haber bajado los brazos y de conseguir la Copa Am\u00e9rica y el Mundial, que era lo \u00fanico que me faltaba\u201d, describi\u00f3 Messi.<\/p>\n<p>De esta manera Lionel Messi sigue haciendo historia y suma ahora su octavo Bal\u00f3n de Oro, y muy por detr\u00e1s aparecen el portugu\u00e9s Cristiano Ronaldo, con 5; los neerlandeses Johan Cruyff y Marco Van Basten y el franc\u00e9s Michael Platini, todos con 3.<\/p>\n<p>Messi estuvo acompa\u00f1ado por su esposa Antonela Roccuzzo y sus tres hijos Thiago, Mateo y Ciro, quienes subieron al escenario para compartir con su pap\u00e1 el premio.<\/p>\n<p>En tanto, el arquero de la Selecci\u00f3n nacional de F\u00fatbol Masculino, Emiliano \u201cDibu\u201d Mart\u00ednez se llev\u00f3 en la gala la distinci\u00f3n Lev Yashin.<\/p>\n<p>La futbolista catalana Aitana Bonmat\u00ed (Barcelona y Selecci\u00f3n Espa\u00f1a) se adjudic\u00f3 el Bal\u00f3n de Oro Femenino y asegur\u00f3 que tiene a las \u201cmejores\u201d a su lado. <strong>(VW)<\/strong><\/p>\n<p>&nbsp;<\/p>\n","protected":false},"excerpt":{"rendered":"<p>Lo dedic\u00f3 a Maradona en el d\u00eda de su cumplea\u00f1os. Dibu Mart\u00ednez se qued\u00f3 con el premio al mejor arquero del mundo y Aitana Bonmat\u00ed fue elegida la mejor futbolista de 2023.<\/p>\n","protected":false},"author":4,"featured_media":12379,"comment_status":"closed","ping_status":"closed","sticky":false,"template":"","format":"standard","meta":{"_monsterinsights_skip_tracking":false,"_monsterinsights_sitenote_active":false,"_monsterinsights_sitenote_note":"","_monsterinsights_sitenote_category":0,"footnotes":""},"categories":[8],"tags":[5146,896],"class_list":["post-12378","post","type-post","status-publish","format-standard","has-post-thumbnail","hentry","category-interes-general","tag-balon-de-oro-2023","tag-messi"],"_links":{"self":[{"href":"https:\/\/www.visionweb.com.ar\/index.php?rest_route=\/wp\/v2\/posts\/12378","targetHints":{"allow":["GET"]}}],"collection":[{"href":"https:\/\/www.visionweb.com.ar\/index.php?rest_route=\/wp\/v2\/posts"}],"about":[{"href":"https:\/\/www.visionweb.com.ar\/index.php?rest_route=\/wp\/v2\/types\/post"}],"author":[{"embeddable":true,"href":"https:\/\/www.visionweb.com.ar\/index.php?rest_route=\/wp\/v2\/users\/4"}],"replies":[{"embeddable":true,"href":"https:\/\/www.visionweb.com.ar\/index.php?rest_route=%2Fwp%2Fv2%2Fcomments&post=12378"}],"version-history":[{"count":1,"href":"https:\/\/www.visionweb.com.ar\/index.php?rest_route=\/wp\/v2\/posts\/12378\/revisions"}],"predecessor-version":[{"id":12380,"href":"https:\/\/www.visionweb.com.ar\/index.php?rest_route=\/wp\/v2\/posts\/12378\/revisions\/12380"}],"wp:featuredmedia":[{"embeddable":true,"href":"https:\/\/www.visionweb.com.ar\/index.php?rest_route=\/wp\/v2\/media\/12379"}],"wp:attachment":[{"href":"https:\/\/www.visionweb.com.ar\/index.php?rest_route=%2Fwp%2Fv2%2Fmedia&parent=12378"}],"wp:term":[{"taxonomy":"category","embeddable":true,"href":"https:\/\/www.visionweb.com.ar\/index.php?rest_route=%2Fwp%2Fv2%2Fcategories&post=12378"},{"taxonomy":"post_tag","embeddable":true,"href":"https:\/\/www.visionweb.com.ar\/index.php?rest_route=%2Fwp%2Fv2%2Ftags&post=12378"}],"curies":[{"name":"wp","href":"https:\/\/api.w.org\/{rel}","templated":true}]}}