{"id":12372,"date":"2023-10-30T18:28:22","date_gmt":"2023-10-30T21:28:22","guid":{"rendered":"https:\/\/www.visionweb.com.ar\/?p=12372"},"modified":"2023-10-30T19:09:31","modified_gmt":"2023-10-30T22:09:31","slug":"las-cuatro-decadas-de-democracia","status":"publish","type":"post","link":"https:\/\/www.visionweb.com.ar\/?p=12372","title":{"rendered":"Las cuatro d\u00e9cadas de democracia"},"content":{"rendered":"<p><em><strong>El 30 de octubre de 1983 es una fecha que qued\u00f3 grabada por siempre en la memoria de los argentinos, d\u00eda en que se puso punto final a poco m\u00e1s de siete a\u00f1os de la dictadura militar m\u00e1s sangrienta del Siglo XX.<\/strong><\/em>\u00a0 <!--more--><\/p>\n<p><strong><img loading=\"lazy\" decoding=\"async\" class=\"size-medium wp-image-12373 alignright\" src=\"https:\/\/www.visionweb.com.ar\/wp-content\/uploads\/2023\/10\/ALFONSIN-EMITE-SU-VOTO-300x169.png\" alt=\"\" width=\"300\" height=\"169\" srcset=\"https:\/\/www.visionweb.com.ar\/wp-content\/uploads\/2023\/10\/ALFONSIN-EMITE-SU-VOTO-300x169.png 300w, https:\/\/www.visionweb.com.ar\/wp-content\/uploads\/2023\/10\/ALFONSIN-EMITE-SU-VOTO.png 640w\" sizes=\"auto, (max-width: 300px) 100vw, 300px\" \/>L<\/strong>os argentinos y argentinas que por estos d\u00edas transitan los 68 a\u00f1os de edad, seguramente tendr\u00e1n guardado en alg\u00fan rinc\u00f3n de su memoria aquel 30 de octubre de 1983, cuando emitieron su voto por primera vez y, luego de varias d\u00e9cadas de sucesivos golpes de estado, un presidente fue elegido por el voto popular para conducir los destinos de la Naci\u00f3n.<\/p>\n<p>Ese d\u00eda, un abogado de Chascom\u00fas, Ra\u00fal Alfons\u00edn, fue ungido como presidente de la Naci\u00f3n, cargo que asumi\u00f3 el 10 de diciembre de ese mismo a\u00f1o.<\/p>\n<p>Ese a\u00f1o fueron varios los candidatos a Presidente que competieron en las primeras elecciones democr\u00e1ticas que pon\u00edan punto final a ese cruento proceso militar que comenz\u00f3 a derrumbarse, luego de la Guerra de las islas Malvinas.<\/p>\n<p>Incluso hasta uno de los jefes del proceso, el entonces almirante Emilio Eduaro Massera,\u00a0 hab\u00eda lanzado su candidatura para ocupar el sill\u00f3n de Bernardino Rivadavia,\u00a0 quien debi\u00f3 competir con Ra\u00fal Alfons\u00edn, Uni\u00f3n C\u00edvica Radical; con Italo Argentino Luder por el Partido Justicialista y el ex gobernador bonaerense, Oscar Alende, Partido Intransigente.<\/p>\n<p>En la campa\u00f1a electoral, Alfons\u00edn se rode\u00f3 de un importante grupo de profesionales, quienes volcaron sus conocimientos de publicidad para impulsar su postulaci\u00f3n, mientras que Luder confi\u00f3 en el poder de movilizaci\u00f3n del peronismo.<\/p>\n<p>El pa\u00eds estaba bajo el mando del dictador Reynaldo Benito Bignone, quien hab\u00eda quedado al frente de la dictadura tras la ca\u00edda en desgracia de Leopoldo Fortunato Galtieri, luego de la derrota en Malvinas.<\/p>\n<p>El 12 de julio de 1983, el militar hab\u00eda firmado el Decreto-ley 22.847 para convocar a elecciones generales a realizarse el domingo 30 de octubre.<\/p>\n<p>D\u00edas antes del hist\u00f3rico 30 de octubre,\u00a0<strong> d\u00eda regreso de las urnas,\u00a0Alfons\u00edn y Luder<\/strong>\u00a0encabezaron masivos cierres de campa\u00f1a en la Avenida 9 de Julio: ambos quedaron en la historia, pero por distintas cuestiones.<\/p>\n<p><strong>Mientras el acto del radical qued\u00f3 en la memoria por su emotivo \u00abrezo laico\u00bb recitando el Pre\u00e1mbulo de la Constituci\u00f3n Nacional,\u00a0<\/strong>la convocatoria peronista tuvo el ins\u00f3lito error pol\u00edtico del candidato a gobernador bonaerense<strong>\u00a0Herminio Iglesias<\/strong>, quien quem\u00f3 un caj\u00f3n con las siglas UCR y la leyenda \u00abAlfons\u00edn QEPD\u00bb.<\/p>\n<p>Ese a\u00f1o fueron 18 millones los ciudadanos habilitados para emitir su voto y generar as\u00ed una nueva etapa en la cruenta historia argentina. Ese d\u00eda el 85 por ciento de los empadronados se acercaron a las urnas para emitir su voto.<\/p>\n<p>Aquellos comicios fueron los primeros que se realizaron, sin ning\u00fan tipo de restricci\u00f3n a las diferentes fuerzas pol\u00edticas que compitieron en ese momento.<\/p>\n<p>Las elecciones anteriores se hab\u00eda realizado en marzo de 1973, que incluso hubo un intento de condicionarlas por parte del entonces presidente de facto, Alejandro Agust\u00edn Lanusse, que propiciaba un acuerdo nacional, pero fue abortado por la oposici\u00f3n que ejercieron entonces el peronismo, el radicalismo y el frondizismo\u00a0 con la firma del acuerdo \u00abLa Hora del Pueblo\u00bb, que rechaz\u00f3 los condicionamientos militares y reclam\u00f3 elecciones libres.<\/p>\n<p>Al d\u00eda siguiente del hist\u00f3rico 30 de octubre de 1983,\u00a0 Alfons\u00edn se reuni\u00f3 con Luder para comprometerse a consolidar la uni\u00f3n nacional y fortalecer la institucionalidad en el pa\u00eds, as\u00ed como desde el entorno del radical comenzaron los contactos con la c\u00fapula militar para diagramar la transici\u00f3n.<\/p>\n<p>El regreso formal de la democracia se concretar\u00eda el 10 de diciembre de 1983, en medio de festejos que desbordaron las calles de todo el pa\u00eds y, abrieron la etapa m\u00e1s larga e la historia, sin golpes militares en la Argentina<strong>.(VW)<\/strong><\/p>\n<p><em><strong>Con datos propios y archivo VisionWeb<\/strong><\/em><\/p>\n<p>&nbsp;<\/p>\n<p>&nbsp;<\/p>\n<p>&nbsp;<\/p>\n","protected":false},"excerpt":{"rendered":"<p>El 30 de octubre de 1983 es una fecha que qued\u00f3 grabada por siempre en la memoria de los argentinos, d\u00eda en que se puso punto final a poco m\u00e1s de siete a\u00f1os de&#46;&#46;&#46;<\/p>\n","protected":false},"author":3,"featured_media":12373,"comment_status":"closed","ping_status":"closed","sticky":false,"template":"","format":"standard","meta":{"_monsterinsights_skip_tracking":false,"_monsterinsights_sitenote_active":false,"_monsterinsights_sitenote_note":"","_monsterinsights_sitenote_category":0,"footnotes":""},"categories":[4],"tags":[5145,3307,340,1080],"class_list":["post-12372","post","type-post","status-publish","format-standard","has-post-thumbnail","hentry","category-politica","tag-5145","tag-alfonsin","tag-elecciones","tag-voto"],"_links":{"self":[{"href":"https:\/\/www.visionweb.com.ar\/index.php?rest_route=\/wp\/v2\/posts\/12372","targetHints":{"allow":["GET"]}}],"collection":[{"href":"https:\/\/www.visionweb.com.ar\/index.php?rest_route=\/wp\/v2\/posts"}],"about":[{"href":"https:\/\/www.visionweb.com.ar\/index.php?rest_route=\/wp\/v2\/types\/post"}],"author":[{"embeddable":true,"href":"https:\/\/www.visionweb.com.ar\/index.php?rest_route=\/wp\/v2\/users\/3"}],"replies":[{"embeddable":true,"href":"https:\/\/www.visionweb.com.ar\/index.php?rest_route=%2Fwp%2Fv2%2Fcomments&post=12372"}],"version-history":[{"count":2,"href":"https:\/\/www.visionweb.com.ar\/index.php?rest_route=\/wp\/v2\/posts\/12372\/revisions"}],"predecessor-version":[{"id":12375,"href":"https:\/\/www.visionweb.com.ar\/index.php?rest_route=\/wp\/v2\/posts\/12372\/revisions\/12375"}],"wp:featuredmedia":[{"embeddable":true,"href":"https:\/\/www.visionweb.com.ar\/index.php?rest_route=\/wp\/v2\/media\/12373"}],"wp:attachment":[{"href":"https:\/\/www.visionweb.com.ar\/index.php?rest_route=%2Fwp%2Fv2%2Fmedia&parent=12372"}],"wp:term":[{"taxonomy":"category","embeddable":true,"href":"https:\/\/www.visionweb.com.ar\/index.php?rest_route=%2Fwp%2Fv2%2Fcategories&post=12372"},{"taxonomy":"post_tag","embeddable":true,"href":"https:\/\/www.visionweb.com.ar\/index.php?rest_route=%2Fwp%2Fv2%2Ftags&post=12372"}],"curies":[{"name":"wp","href":"https:\/\/api.w.org\/{rel}","templated":true}]}}