{"id":12369,"date":"2023-10-30T13:38:59","date_gmt":"2023-10-30T16:38:59","guid":{"rendered":"https:\/\/www.visionweb.com.ar\/?p=12369"},"modified":"2023-10-30T13:38:59","modified_gmt":"2023-10-30T16:38:59","slug":"la-produccion-industrial-pyme-en-caida-con-un-64-anual","status":"publish","type":"post","link":"https:\/\/www.visionweb.com.ar\/?p=12369","title":{"rendered":"La Producci\u00f3n Industrial Pyme en ca\u00edda, con un 6,4% anual"},"content":{"rendered":"<p><em><strong>El informe de la CAME correspondiente a septiembre mostr\u00f3 que \u201cTextil e indumentaria\u201d fue el mejor rubro con un crecimiento de 5,1% anual. Mientras el peor fue<\/strong> <strong>\u201cQu\u00edmicos y pl\u00e1sticos\u201d, que cay\u00f3 17,2%.<\/strong><\/em><!--more--><\/p>\n<p><strong><img loading=\"lazy\" decoding=\"async\" class=\"size-medium wp-image-12370 alignright\" src=\"https:\/\/www.visionweb.com.ar\/wp-content\/uploads\/2023\/10\/industria-300x120.png\" alt=\"\" width=\"300\" height=\"120\" srcset=\"https:\/\/www.visionweb.com.ar\/wp-content\/uploads\/2023\/10\/industria-300x120.png 300w, https:\/\/www.visionweb.com.ar\/wp-content\/uploads\/2023\/10\/industria.png 639w\" sizes=\"auto, (max-width: 300px) 100vw, 300px\" \/>\u00a0 \u00a0L<\/strong>a Confederaci\u00f3n Argentina de la Mediana Empresa (<strong>CAME<\/strong>) public\u00f3 el\u00a0<strong>\u00cdndice de Producci\u00f3n Industrial Pyme<\/strong>\u00a0(IPIP), donde septiembre qued\u00f3 como el cuarto mes consecutivo con actividad\u00a0a la baja, y <strong>acumula una ca\u00edda del 6,4% en comparaci\u00f3n con septiembre de 2022<\/strong>.<\/p>\n<p>A la vez, el sector suma una baja de 0,8% en los primeros nueve meses de 2023, indic\u00f3 CAME.<\/p>\n<p>Mediante un comunicado, la CAME detall\u00f3: \u201cDurante septiembre,\u00a0<strong>las empresas trabajaron con 73% de su capacidad instalada,\u00a0<\/strong>pr\u00e1cticamente en los mismos porcentajes que agosto. La incertidumbre pol\u00edtica y econ\u00f3mica puso en comp\u00e1s de espera inversiones programadas, y eso afect\u00f3 la capacidad productiva de algunas f\u00e1bricas\u201d.<\/p>\n<p>Durante el noveno mes del a\u00f1o, las pymes tambi\u00e9n\u00a0<strong>enfrentaron inconvenientes para obtener materias primas y otros insumos<\/strong>, y se observaron problemas en la cadena de pagos por temor a una disparada en el marco del proceso electoral.<\/p>\n<p>La mejor performance del mes la tuvo \u201c<strong>Textil e indumentaria<\/strong>\u201d, con un crecimiento anual de 5,1% en su producci\u00f3n, a precios constantes y siendo el \u00fanico sector en alza. La peor corresponde al rubro \u201c<strong>Qu\u00edmicos y pl\u00e1sticos<\/strong>\u201d, con una ca\u00edda de 17,2% interanual.<\/p>\n<p>En el acumulado del a\u00f1o, la mejor performance sectorial correspondi\u00f3 a \u201c<strong>Alimentos y bebidas<\/strong>\u201d, con un incremento de 4,2% frente al per\u00edodo enero-septiembre de 2022. La peor se dio en \u201c<strong>Papel e impresiones<\/strong>\u201d, con un desplome del 16,1%.<\/p>\n<p>Mientras tanto, \u201c<strong>Madera y muebles<\/strong>\u201d registr\u00f3 una ca\u00edda anual del 6,6% a precios constantes y acumula un aumento de 0,3% en los primeros nueve meses del a\u00f1o. En t\u00e9rminos mensuales, la actividad se retrajo 5,1%. Durante el per\u00edodo, las industrias operaron al 76,7% de su capacidad instalada, por encima del 75,5% en agosto.<\/p>\n<p>Finalmente, la producci\u00f3n de \u201c<strong>Met\u00e1licos, maquinarias, equipos y material de transporte<\/strong>\u201d tuvo una significativa contracci\u00f3n anual de 8,1% a precios constantes, acumulando una disminuci\u00f3n de 1,6% en el a\u00f1o. En la comparaci\u00f3n mensual, se registr\u00f3 una ca\u00edda de 1,8%. Las industrias operaron al 70,9% de su capacidad instalada, casi un punto abajo del 71,7% de agosto. <strong>(VW) <\/strong><\/p>\n<p>&nbsp;<\/p>\n<p>&nbsp;<\/p>\n","protected":false},"excerpt":{"rendered":"<p>El informe de la CAME correspondiente a septiembre mostr\u00f3 que \u201cTextil e indumentaria\u201d fue el mejor rubro con un crecimiento de 5,1% anual. Mientras el peor fue \u201cQu\u00edmicos y pl\u00e1sticos\u201d, que cay\u00f3 17,2%.<\/p>\n","protected":false},"author":4,"featured_media":12370,"comment_status":"closed","ping_status":"closed","sticky":false,"template":"","format":"standard","meta":{"_monsterinsights_skip_tracking":false,"_monsterinsights_sitenote_active":false,"_monsterinsights_sitenote_note":"","_monsterinsights_sitenote_category":0,"footnotes":""},"categories":[6,749],"tags":[5143,309,5144],"class_list":["post-12369","post","type-post","status-publish","format-standard","has-post-thumbnail","hentry","category-economia","category-pymes","tag-actividad-industrial-septiembre","tag-came","tag-produccion-industrial-en-caida"],"_links":{"self":[{"href":"https:\/\/www.visionweb.com.ar\/index.php?rest_route=\/wp\/v2\/posts\/12369","targetHints":{"allow":["GET"]}}],"collection":[{"href":"https:\/\/www.visionweb.com.ar\/index.php?rest_route=\/wp\/v2\/posts"}],"about":[{"href":"https:\/\/www.visionweb.com.ar\/index.php?rest_route=\/wp\/v2\/types\/post"}],"author":[{"embeddable":true,"href":"https:\/\/www.visionweb.com.ar\/index.php?rest_route=\/wp\/v2\/users\/4"}],"replies":[{"embeddable":true,"href":"https:\/\/www.visionweb.com.ar\/index.php?rest_route=%2Fwp%2Fv2%2Fcomments&post=12369"}],"version-history":[{"count":1,"href":"https:\/\/www.visionweb.com.ar\/index.php?rest_route=\/wp\/v2\/posts\/12369\/revisions"}],"predecessor-version":[{"id":12371,"href":"https:\/\/www.visionweb.com.ar\/index.php?rest_route=\/wp\/v2\/posts\/12369\/revisions\/12371"}],"wp:featuredmedia":[{"embeddable":true,"href":"https:\/\/www.visionweb.com.ar\/index.php?rest_route=\/wp\/v2\/media\/12370"}],"wp:attachment":[{"href":"https:\/\/www.visionweb.com.ar\/index.php?rest_route=%2Fwp%2Fv2%2Fmedia&parent=12369"}],"wp:term":[{"taxonomy":"category","embeddable":true,"href":"https:\/\/www.visionweb.com.ar\/index.php?rest_route=%2Fwp%2Fv2%2Fcategories&post=12369"},{"taxonomy":"post_tag","embeddable":true,"href":"https:\/\/www.visionweb.com.ar\/index.php?rest_route=%2Fwp%2Fv2%2Ftags&post=12369"}],"curies":[{"name":"wp","href":"https:\/\/api.w.org\/{rel}","templated":true}]}}