{"id":12352,"date":"2023-10-27T13:53:46","date_gmt":"2023-10-27T16:53:46","guid":{"rendered":"https:\/\/www.visionweb.com.ar\/?p=12352"},"modified":"2023-10-27T13:53:46","modified_gmt":"2023-10-27T16:53:46","slug":"el-pan-supera-la-barrera-de-los-1-100-por-kilo-aumento-25","status":"publish","type":"post","link":"https:\/\/www.visionweb.com.ar\/?p=12352","title":{"rendered":"El pan supera la barrera de los $1.100 por kilo, aument\u00f3 25%"},"content":{"rendered":"<p><em><strong>Es por el alza de los insumos, y el faltante de materia prima en general. Hoy el Bolet\u00edn Oficial public\u00f3 el aumento de la harina.<\/strong><\/em><!--more--><\/p>\n<p><strong><img loading=\"lazy\" decoding=\"async\" class=\"size-medium wp-image-7963 alignright\" src=\"https:\/\/www.visionweb.com.ar\/wp-content\/uploads\/2022\/10\/PAN-300x158.png\" alt=\"\" width=\"300\" height=\"158\" srcset=\"https:\/\/www.visionweb.com.ar\/wp-content\/uploads\/2022\/10\/PAN-300x158.png 300w, https:\/\/www.visionweb.com.ar\/wp-content\/uploads\/2022\/10\/PAN.png 640w\" sizes=\"auto, (max-width: 300px) 100vw, 300px\" \/>\u00a0 E<\/strong>l precio del pan aument\u00f3 hoy un 25% y el kilo se vende a $ 1.100, por el incremento de los insumos, especialmente la harina,\u00a0y tambi\u00e9n por la escasez de materia prima en general.<\/p>\n<p>M\u00e1s temprano hubo un alza en el precio de la bolsa de harina en Argentina, dato que sali\u00f3 publicado en el Bolet\u00edn Oficial, en relaci\u00f3n a este incremento, la medida tuvo un efecto inmediato en el costo del pan.<\/p>\n<p>En este entorno, el titular del Centro de Panaderos de Merlo Martin Pinto, confirm\u00f3 la noticia, y\u00a0 declar\u00f3 \u201cuna especulaci\u00f3n atroz\u201d.<\/p>\n<p>\u201c<strong>Varios centros panaderos de la provincia de Buenos Aires, hemos decidido aumentar en el d\u00eda de la fecha un 25% nuestros productos de panader\u00eda, debido a los grandes incrementos en la harina, su falta y los aumentos en todo el resto de los insumos\u201d,<\/strong>\u00a0detall\u00f3.<\/p>\n<p><strong>Aclar\u00f3 a la vez, que el pan que se puede producir con la harina subsidiada tiene un valor de $715, mientras que el resto se tiene que vender a $1.100.<\/strong><\/p>\n<p>\u201c<strong>Un pan a $715, que es un pan distinto, un pan de 8 piezas, un pan un poco m\u00e1s grande, pero bueno, las panader\u00edas que acceden a ese beneficio, que son las minor\u00edas lo pueden poner a ese precio<\/strong>\u201d, aclar\u00f3.<\/p>\n<p>\u201cDecidimos aumentar un 25% porque hace cuatro meses m\u00e1s o menos que no tocamos el precio del producto. La inflaci\u00f3n de todos estos meses la venimos absorbiendo,\u00a0<strong>pero lamentablemente ya con esta disparada de la harina y de toda la materia prima que se viene dando semana tras semana, ya no lo podemos absorber m\u00e1s<\/strong>\u201d, se\u00f1al\u00f3 Pinto.<\/p>\n<p>En su explicaci\u00f3n detall\u00f3 que la harina se pagaba entre $4.800 y $4.900, hoy vale $6.500 y hasta $7.000.<\/p>\n<p>Luego indic\u00f3 que frente a la frecuente suba de precios \u00abla gente viene y compra siempre con la misma plata, dice: &#8216;dame $300 de pan, dame $400 de pan&#8217;, y obviamente, se lleva cada vez menos\u201d cantidad de producto. <strong>(VW)<\/strong><\/p>\n","protected":false},"excerpt":{"rendered":"<p>Es por el alza de los insumos, y el faltante de materia prima en general. Hoy el Bolet\u00edn Oficial public\u00f3 el aumento de la harina.<\/p>\n","protected":false},"author":4,"featured_media":7963,"comment_status":"closed","ping_status":"closed","sticky":false,"template":"","format":"standard","meta":{"_monsterinsights_skip_tracking":false,"_monsterinsights_sitenote_active":false,"_monsterinsights_sitenote_note":"","_monsterinsights_sitenote_category":0,"footnotes":""},"categories":[6],"tags":[5134,5135,1464],"class_list":["post-12352","post","type-post","status-publish","format-standard","has-post-thumbnail","hentry","category-economia","tag-aumento-el-pan","tag-el-kilo-a-1-100","tag-panaderos"],"_links":{"self":[{"href":"https:\/\/www.visionweb.com.ar\/index.php?rest_route=\/wp\/v2\/posts\/12352","targetHints":{"allow":["GET"]}}],"collection":[{"href":"https:\/\/www.visionweb.com.ar\/index.php?rest_route=\/wp\/v2\/posts"}],"about":[{"href":"https:\/\/www.visionweb.com.ar\/index.php?rest_route=\/wp\/v2\/types\/post"}],"author":[{"embeddable":true,"href":"https:\/\/www.visionweb.com.ar\/index.php?rest_route=\/wp\/v2\/users\/4"}],"replies":[{"embeddable":true,"href":"https:\/\/www.visionweb.com.ar\/index.php?rest_route=%2Fwp%2Fv2%2Fcomments&post=12352"}],"version-history":[{"count":1,"href":"https:\/\/www.visionweb.com.ar\/index.php?rest_route=\/wp\/v2\/posts\/12352\/revisions"}],"predecessor-version":[{"id":12353,"href":"https:\/\/www.visionweb.com.ar\/index.php?rest_route=\/wp\/v2\/posts\/12352\/revisions\/12353"}],"wp:featuredmedia":[{"embeddable":true,"href":"https:\/\/www.visionweb.com.ar\/index.php?rest_route=\/wp\/v2\/media\/7963"}],"wp:attachment":[{"href":"https:\/\/www.visionweb.com.ar\/index.php?rest_route=%2Fwp%2Fv2%2Fmedia&parent=12352"}],"wp:term":[{"taxonomy":"category","embeddable":true,"href":"https:\/\/www.visionweb.com.ar\/index.php?rest_route=%2Fwp%2Fv2%2Fcategories&post=12352"},{"taxonomy":"post_tag","embeddable":true,"href":"https:\/\/www.visionweb.com.ar\/index.php?rest_route=%2Fwp%2Fv2%2Ftags&post=12352"}],"curies":[{"name":"wp","href":"https:\/\/api.w.org\/{rel}","templated":true}]}}