{"id":12350,"date":"2023-10-27T12:50:19","date_gmt":"2023-10-27T15:50:19","guid":{"rendered":"https:\/\/www.visionweb.com.ar\/?p=12350"},"modified":"2023-10-27T12:50:19","modified_gmt":"2023-10-27T15:50:19","slug":"la-inflacion-en-la-tercera-semana-de-octubre-fue-de-22","status":"publish","type":"post","link":"https:\/\/www.visionweb.com.ar\/?p=12350","title":{"rendered":"La inflaci\u00f3n en la tercera semana de octubre fue de 2,2%"},"content":{"rendered":"<p><strong><em>Seg\u00fan las mediciones del ministerio de Econom\u00eda, en el acumulado de las \u00faltimas cuatro semanas lleg\u00f3 a 8,4%.<\/em><\/strong><!--more--><\/p>\n<p><strong><img loading=\"lazy\" decoding=\"async\" class=\"size-full wp-image-960 alignright\" src=\"https:\/\/www.visionweb.com.ar\/wp-content\/uploads\/2021\/02\/super.bmp\" alt=\"\" width=\"504\" height=\"175\" \/>\u00a0 E<\/strong>l llamado \u00cdndice Rubinstein arroj\u00f3 en la semana 16\/10 al 22\/10, que los precios minoristas treparon un 2,2%, con las mayores subas registradas en verduras, carnes e indumentaria.<\/p>\n<p>\u201cEn el acumulado de cuatro semanas, la suba de precios sigue en la zona del 8%\u201d, escribi\u00f3 el secretario de Pol\u00edtica Econ\u00f3mica,\u00a0<strong>Gabriel Rubinstein<\/strong>, en su cuenta de Twitter.<\/p>\n<p>As\u00ed, el informe de la secretar\u00eda de Pol\u00edtica Econ\u00f3mica, destaca que las subas mayores al promedio del 2,2%, fueron los de\u00a0<strong>verduras (6%), carnes (3,3%) e indumentaria (2,4%)<\/strong>, mientras que las variaciones inferiores al promedio fueron alimentos y bebidas de almac\u00e9n (1,9%), y frutas (1,6%),<\/p>\n<p>El relevamiento destaca tambi\u00e9n que los <strong>rubros regulados se mantienen estables<\/strong> en ese per\u00edodo de tiempo analizado.<\/p>\n<p>Cabe recordar que ese mismo registro, pero correspondiente a la segunda semana de octubre, dio tambi\u00e9n un aumento del 2,2%.<\/p>\n<p>El informe de la Secretar\u00eda puntualiz\u00f3 que, luego del pico del <strong>15,1% en la tercera semana de agosto<\/strong>, \u201clas subas de cuatro semanas \u00faltimas han bajado\u201d, hasta tocar <strong>un m\u00ednimo<\/strong> del 7,8% en la primera de octubre.<\/p>\n<p>A la vez, la cartera de Pol\u00edtica Econ\u00f3mica record\u00f3 que sus estad\u00edsticas \u201cno deben compararse\u201d con la que oficialmente divulga el Instituto Nacional de Estad\u00edstica y Censos (Indec), aunque las metodolog\u00edas son \u201ccompatibles\u201d.<strong> (VW)<\/strong><\/p>\n<p>&nbsp;<\/p>\n","protected":false},"excerpt":{"rendered":"<p>Seg\u00fan las mediciones del ministerio de Econom\u00eda, en el acumulado de las \u00faltimas cuatro semanas lleg\u00f3 a 8,4%.<\/p>\n","protected":false},"author":4,"featured_media":960,"comment_status":"closed","ping_status":"closed","sticky":false,"template":"","format":"standard","meta":{"_monsterinsights_skip_tracking":false,"_monsterinsights_sitenote_active":false,"_monsterinsights_sitenote_note":"","_monsterinsights_sitenote_category":0,"footnotes":""},"categories":[6],"tags":[5133,4992],"class_list":["post-12350","post","type-post","status-publish","format-standard","has-post-thumbnail","hentry","category-economia","tag-indice-rubinstein","tag-inflacion-semanal"],"_links":{"self":[{"href":"https:\/\/www.visionweb.com.ar\/index.php?rest_route=\/wp\/v2\/posts\/12350","targetHints":{"allow":["GET"]}}],"collection":[{"href":"https:\/\/www.visionweb.com.ar\/index.php?rest_route=\/wp\/v2\/posts"}],"about":[{"href":"https:\/\/www.visionweb.com.ar\/index.php?rest_route=\/wp\/v2\/types\/post"}],"author":[{"embeddable":true,"href":"https:\/\/www.visionweb.com.ar\/index.php?rest_route=\/wp\/v2\/users\/4"}],"replies":[{"embeddable":true,"href":"https:\/\/www.visionweb.com.ar\/index.php?rest_route=%2Fwp%2Fv2%2Fcomments&post=12350"}],"version-history":[{"count":1,"href":"https:\/\/www.visionweb.com.ar\/index.php?rest_route=\/wp\/v2\/posts\/12350\/revisions"}],"predecessor-version":[{"id":12351,"href":"https:\/\/www.visionweb.com.ar\/index.php?rest_route=\/wp\/v2\/posts\/12350\/revisions\/12351"}],"wp:featuredmedia":[{"embeddable":true,"href":"https:\/\/www.visionweb.com.ar\/index.php?rest_route=\/wp\/v2\/media\/960"}],"wp:attachment":[{"href":"https:\/\/www.visionweb.com.ar\/index.php?rest_route=%2Fwp%2Fv2%2Fmedia&parent=12350"}],"wp:term":[{"taxonomy":"category","embeddable":true,"href":"https:\/\/www.visionweb.com.ar\/index.php?rest_route=%2Fwp%2Fv2%2Fcategories&post=12350"},{"taxonomy":"post_tag","embeddable":true,"href":"https:\/\/www.visionweb.com.ar\/index.php?rest_route=%2Fwp%2Fv2%2Ftags&post=12350"}],"curies":[{"name":"wp","href":"https:\/\/api.w.org\/{rel}","templated":true}]}}