{"id":12347,"date":"2023-10-27T10:56:13","date_gmt":"2023-10-27T13:56:13","guid":{"rendered":"https:\/\/www.visionweb.com.ar\/?p=12347"},"modified":"2023-10-27T10:56:13","modified_gmt":"2023-10-27T13:56:13","slug":"grindetti-salio-a-la-cancha-en-apoyo-a-bullrich","status":"publish","type":"post","link":"https:\/\/www.visionweb.com.ar\/?p=12347","title":{"rendered":"Grindetti sali\u00f3 a la cancha en apoyo a Bullrich"},"content":{"rendered":"<p><strong>\u00a0<\/strong><em><strong>\u201cJuntos por el Cambio debe continuar m\u00e1s all\u00e1 de las posturas personales ante este proceso electoral en particular\u201d, dijo Grindetti.<\/strong><\/em><!--more--><\/p>\n<p><img loading=\"lazy\" decoding=\"async\" class=\"size-medium wp-image-12348 alignright\" src=\"https:\/\/www.visionweb.com.ar\/wp-content\/uploads\/2023\/10\/grindetti-bullrich-300x204.png\" alt=\"\" width=\"300\" height=\"204\" srcset=\"https:\/\/www.visionweb.com.ar\/wp-content\/uploads\/2023\/10\/grindetti-bullrich-300x204.png 300w, https:\/\/www.visionweb.com.ar\/wp-content\/uploads\/2023\/10\/grindetti-bullrich.png 566w\" sizes=\"auto, (max-width: 300px) 100vw, 300px\" \/>\u00a0 <strong>E<\/strong>l excandidato a gobernador bonaerense de Juntos por el Cambio,\u00a0<strong>N\u00e9stor Grindetti<\/strong> respald\u00f3 la decisi\u00f3n de la titular del PRO y excandidata presidencial, <strong>Patricia Bullrich<\/strong> por declarar su apoyo al candidato de LLA <strong>Javier Milei<\/strong>, de cara al ballotage del pr\u00f3ximo 19 de noviembre.<\/p>\n<p>As\u00ed el intendente de Lan\u00fas se promulg\u00f3 por redes sociales: \u201c<strong>Estamos ante un momento bisagra de la historia pol\u00edtica argentin<\/strong>a\u201d.<\/p>\n<p>En ese sentido, indic\u00f3 que se une a \u201c<strong>la decisi\u00f3n que han tomado Mauricio Macri y Patricia Bullrich de estar siempre del lado del cambio\u201d.<\/strong><\/p>\n<p><strong>\u201cJuntos por el Cambio debe continuar m\u00e1s all\u00e1 de las posturas personales ante este proceso electoral en particular\u201d, <\/strong>sostuvo Grindetti en su respaldo a Bullrich.<\/p>\n<p>El actual intendente de Lan\u00fas afirm\u00f3 que la coalici\u00f3n opositora debe seguir trabajando \u201c<strong>junto a nuestros intendentes, legisladores y concejales por una provincia mejor, defendiendo los valores del m\u00e9rito y la transparencia<\/strong>\u201d.<\/p>\n<p>Cabe mencionar que los comicios a la gobernaci\u00f3n bonaerense del pasado 22 de octubre resultaron a favor del actual gobernador provincial, Axel Kicillof, de Uni\u00f3n por la Patria, quien se impuso por el 44,88% de los votos, seguido por Grindetti (JxC) con 26,62%, y Carolina P\u00edparo, (LLA), con 24,59%.<\/p>\n<p>Mientras que en Lan\u00fas, el distrito que actualmente gobierna Grindetti, Juntos por el Cambio perdi\u00f3 el gobierno local que encabezaba desde 2015.<\/p>\n<p>El candidato a la intendencia de ese espacio, Diego Kravetz no logr\u00f3 su contienda frente a Juli\u00e1n \u00c1lvarez, de Uni\u00f3n por la Patria, dirigente de La C\u00e1mpora, ex secretario de Justicia de la Naci\u00f3n durante la presidencia de Cristina Fern\u00e1ndez de Kirchner. <strong>(VW)<\/strong><\/p>\n","protected":false},"excerpt":{"rendered":"<p>\u00a0\u201cJuntos por el Cambio debe continuar m\u00e1s all\u00e1 de las posturas personales ante este proceso electoral en particular\u201d, dijo Grindetti.<\/p>\n","protected":false},"author":4,"featured_media":12348,"comment_status":"closed","ping_status":"closed","sticky":false,"template":"","format":"standard","meta":{"_monsterinsights_skip_tracking":false,"_monsterinsights_sitenote_active":false,"_monsterinsights_sitenote_note":"","_monsterinsights_sitenote_category":0,"footnotes":""},"categories":[4],"tags":[5126,5132,781],"class_list":["post-12347","post","type-post","status-publish","format-standard","has-post-thumbnail","hentry","category-politica","tag-ballotage","tag-grindetti-respaldo-abullrich","tag-juntos-por-el-cambio"],"_links":{"self":[{"href":"https:\/\/www.visionweb.com.ar\/index.php?rest_route=\/wp\/v2\/posts\/12347","targetHints":{"allow":["GET"]}}],"collection":[{"href":"https:\/\/www.visionweb.com.ar\/index.php?rest_route=\/wp\/v2\/posts"}],"about":[{"href":"https:\/\/www.visionweb.com.ar\/index.php?rest_route=\/wp\/v2\/types\/post"}],"author":[{"embeddable":true,"href":"https:\/\/www.visionweb.com.ar\/index.php?rest_route=\/wp\/v2\/users\/4"}],"replies":[{"embeddable":true,"href":"https:\/\/www.visionweb.com.ar\/index.php?rest_route=%2Fwp%2Fv2%2Fcomments&post=12347"}],"version-history":[{"count":1,"href":"https:\/\/www.visionweb.com.ar\/index.php?rest_route=\/wp\/v2\/posts\/12347\/revisions"}],"predecessor-version":[{"id":12349,"href":"https:\/\/www.visionweb.com.ar\/index.php?rest_route=\/wp\/v2\/posts\/12347\/revisions\/12349"}],"wp:featuredmedia":[{"embeddable":true,"href":"https:\/\/www.visionweb.com.ar\/index.php?rest_route=\/wp\/v2\/media\/12348"}],"wp:attachment":[{"href":"https:\/\/www.visionweb.com.ar\/index.php?rest_route=%2Fwp%2Fv2%2Fmedia&parent=12347"}],"wp:term":[{"taxonomy":"category","embeddable":true,"href":"https:\/\/www.visionweb.com.ar\/index.php?rest_route=%2Fwp%2Fv2%2Fcategories&post=12347"},{"taxonomy":"post_tag","embeddable":true,"href":"https:\/\/www.visionweb.com.ar\/index.php?rest_route=%2Fwp%2Fv2%2Ftags&post=12347"}],"curies":[{"name":"wp","href":"https:\/\/api.w.org\/{rel}","templated":true}]}}