{"id":12344,"date":"2023-10-27T10:28:17","date_gmt":"2023-10-27T13:28:17","guid":{"rendered":"https:\/\/www.visionweb.com.ar\/?p=12344"},"modified":"2023-10-27T10:28:17","modified_gmt":"2023-10-27T13:28:17","slug":"ministerio-de-desarrollo-marijuan-pidio-la-baja-de-160-mil-planes-con-irregularidades","status":"publish","type":"post","link":"https:\/\/www.visionweb.com.ar\/?p=12344","title":{"rendered":"Ministerio de Desarrollo: Mariju\u00e1n pidi\u00f3 la baja de 160 mil planes con irregularidades"},"content":{"rendered":"<p><strong><em>Otra vez el Ministerio de Desarrollo Social de la Naci\u00f3n bajo el ojo de la Justicia por irregularidades del manejo de los planes sociales. El fiscal denunci\u00f3 que se pagan beneficios que no corresponden.<\/em><\/strong><strong>\u00a0<\/strong><!--more--><\/p>\n<p><strong><img loading=\"lazy\" decoding=\"async\" class=\"size-medium wp-image-12345 alignright\" src=\"https:\/\/www.visionweb.com.ar\/wp-content\/uploads\/2023\/10\/min-desarrollo-215x300.png\" alt=\"\" width=\"215\" height=\"300\" srcset=\"https:\/\/www.visionweb.com.ar\/wp-content\/uploads\/2023\/10\/min-desarrollo-215x300.png 215w, https:\/\/www.visionweb.com.ar\/wp-content\/uploads\/2023\/10\/min-desarrollo.png 383w\" sizes=\"auto, (max-width: 215px) 100vw, 215px\" \/>\u00a0\u00a0 E<\/strong>l fiscal federal\u00a0<strong>Guillermo Mariju\u00e1n<\/strong>\u00a0pidi\u00f3 dar de baja a 160 mil beneficiarios de planes sociales que viajaron al exterior varias veces al a\u00f1o, y pidi\u00f3 que se investigue a los funcionarios responsables de otorgar esa asistencia y a la vez, que se\u00a0<strong>suspenda el pago a los beneficiarios identificados<\/strong>\u00a0en la denuncia.<\/p>\n<p>La denuncia est\u00e1 dirigida a beneficiarios del programa Potenciar Trabajo, que realizaron un total de 812.906 movimientos migratorios mientras percib\u00edan los subsidios del estado.<\/p>\n<p>Por la revelaci\u00f3n de estas irregularidades, Mariju\u00e1n pidi\u00f3 la pronta acci\u00f3n de la ministra Tolosa Paz para que <strong>desafecte a los 159.919 que perciben la ayuda estatal y gozan de una buena situaci\u00f3n econ\u00f3mica<\/strong>.<\/p>\n<p>As\u00ed en su escrito, el fiscal subray\u00f3: \u201cVengo por la presente a efectuar formal denuncia a fin de que se investiguen las presuntas conductas il\u00edcitas llevadas a cabo por aquellos funcionarios responsables del otorgamiento y\/o contralor del Programa Potenciar Trabajo que, en principio, encuadran en el delito de violaci\u00f3n de los deberes de funcionario p\u00fablico\u201d.<\/p>\n<p>Mariju\u00e1n pidi\u00f3 tambi\u00e9n el inmediato <strong>cese del pago de los planes a los beneficiarios identificados<\/strong> <strong>como viajeros al exterior<\/strong>. \u201cDado que es obligaci\u00f3n hacer cesar los efectos del delito, me veo compelido a requerir que una vez impulsada la acci\u00f3n penal, se proceda a\u00a0<strong>ordenar al Ministerio de Desarrollo Social de la Naci\u00f3n que suspenda los planes involucrados<\/strong>, sin perjuicio de un reempadronamiento con previa citaci\u00f3n y acreditaci\u00f3n de los extremos legales del Programa\u201d, resumi\u00f3 la presentaci\u00f3n.<\/p>\n<p>De esos viajes, \u201c817 fueron a trav\u00e9s de cruceros, 29.076 v\u00eda a\u00e9rea;\u00a083.974 mediante embarcaciones;\u00a0199.977 a trav\u00e9s de \u00f3mnibus y otros 349.835 de forma particular por auto\u201d.<\/p>\n<p>Por ello, elev\u00f3 una nueva denuncia ayer: \u00abLa falta de control de las personas que ingresan a este Programa como asimismo la ausencia de cualquier tipo de monitoreo sobre las que se encuentran inscriptas, demuestra un desprecio absoluto por parte de los funcionarios p\u00fabicos que manejan esta cartera tan importante del Estado Nacional\u00bb, dicta el escrito.<\/p>\n<p>Y sigue: \u00abEsta responsabilidad no s\u00f3lo recae sobre lo acontecido, pues en la medida en que no cesen estas conductas il\u00edcitas, se continuar\u00e1n pagando beneficios que no corresponden\u00bb. Puntualmente, la Unidad Fiscal para la Investigaci\u00f3n de Delitos relativos a la Seguridad Social (UFISeS), a cargo del fiscal, inici\u00f3 en abril pasado una investigaci\u00f3n preliminar sobre los movimientos migratorios de los beneficios del Potenciar Trabajo.<\/p>\n<p>Cabe recordar que tras la asunci\u00f3n de la ministra\u00a0<strong>Victoria Tolosa Paz<\/strong>\u00a0muchas irregularidades del programa Potenciar Trabajo comenzaron a ver la luz, gracias a un pedido de informes que realiz\u00f3 el exministro\u00a0<strong>Juan Zabaleta<\/strong>\u00a0a la AFIP.<\/p>\n<p>En noviembre de 2022 desafectaron a cientos de miles de beneficiarios que cobraran la ayuda estatal y, en paralelo, compraban d\u00f3lares, eran propietarios de autos 0KM y declaraban bienes personales, y ahora otra vez el fiscal Mariju\u00e1n denunci\u00f3 que todav\u00eda existen usuarios irregulares que cobran fondos del Ministerio. <strong>(VW)<\/strong><\/p>\n","protected":false},"excerpt":{"rendered":"<p>Otra vez el Ministerio de Desarrollo Social de la Naci\u00f3n bajo el ojo de la Justicia por irregularidades del manejo de los planes sociales. El fiscal denunci\u00f3 que se pagan beneficios que no corresponden.\u00a0<\/p>\n","protected":false},"author":4,"featured_media":12345,"comment_status":"closed","ping_status":"closed","sticky":false,"template":"","format":"standard","meta":{"_monsterinsights_skip_tracking":false,"_monsterinsights_sitenote_active":false,"_monsterinsights_sitenote_note":"","_monsterinsights_sitenote_category":0,"footnotes":""},"categories":[4,5],"tags":[770,27,5130,5131,2640],"class_list":["post-12344","post","type-post","status-publish","format-standard","has-post-thumbnail","hentry","category-politica","category-sociedad","tag-baja","tag-desarrollo-social","tag-fiscal-marijuan","tag-irregularidades","tag-potenciar-trabajo"],"_links":{"self":[{"href":"https:\/\/www.visionweb.com.ar\/index.php?rest_route=\/wp\/v2\/posts\/12344","targetHints":{"allow":["GET"]}}],"collection":[{"href":"https:\/\/www.visionweb.com.ar\/index.php?rest_route=\/wp\/v2\/posts"}],"about":[{"href":"https:\/\/www.visionweb.com.ar\/index.php?rest_route=\/wp\/v2\/types\/post"}],"author":[{"embeddable":true,"href":"https:\/\/www.visionweb.com.ar\/index.php?rest_route=\/wp\/v2\/users\/4"}],"replies":[{"embeddable":true,"href":"https:\/\/www.visionweb.com.ar\/index.php?rest_route=%2Fwp%2Fv2%2Fcomments&post=12344"}],"version-history":[{"count":1,"href":"https:\/\/www.visionweb.com.ar\/index.php?rest_route=\/wp\/v2\/posts\/12344\/revisions"}],"predecessor-version":[{"id":12346,"href":"https:\/\/www.visionweb.com.ar\/index.php?rest_route=\/wp\/v2\/posts\/12344\/revisions\/12346"}],"wp:featuredmedia":[{"embeddable":true,"href":"https:\/\/www.visionweb.com.ar\/index.php?rest_route=\/wp\/v2\/media\/12345"}],"wp:attachment":[{"href":"https:\/\/www.visionweb.com.ar\/index.php?rest_route=%2Fwp%2Fv2%2Fmedia&parent=12344"}],"wp:term":[{"taxonomy":"category","embeddable":true,"href":"https:\/\/www.visionweb.com.ar\/index.php?rest_route=%2Fwp%2Fv2%2Fcategories&post=12344"},{"taxonomy":"post_tag","embeddable":true,"href":"https:\/\/www.visionweb.com.ar\/index.php?rest_route=%2Fwp%2Fv2%2Ftags&post=12344"}],"curies":[{"name":"wp","href":"https:\/\/api.w.org\/{rel}","templated":true}]}}