{"id":12342,"date":"2023-10-27T10:19:14","date_gmt":"2023-10-27T13:19:14","guid":{"rendered":"https:\/\/www.visionweb.com.ar\/?p=12342"},"modified":"2023-10-27T10:19:14","modified_gmt":"2023-10-27T13:19:14","slug":"los-salarios-volvieron-a-perder-contra-la-inflacion","status":"publish","type":"post","link":"https:\/\/www.visionweb.com.ar\/?p=12342","title":{"rendered":"Los salarios volvieron a perder contra la inflaci\u00f3n"},"content":{"rendered":"<p><em><strong>El crecimiento mensual se debe a los aumentos de\u00a08,3% en el sector privado registrado, de 6% en el sector p\u00fablico y de 8,5% en el sector privado no registrado.<\/strong><\/em><!--more--><\/p>\n<p><strong><img loading=\"lazy\" decoding=\"async\" class=\"size-full wp-image-11248 alignright\" src=\"https:\/\/www.visionweb.com.ar\/wp-content\/uploads\/2023\/07\/billetes.png\" alt=\"\" width=\"270\" height=\"152\" \/>E<\/strong>l Instituto Nacional de Estad\u00edsticas y Censos (INDEC) difundi\u00f3 este jueves, el \u00edndice de salarios de agosto, que mostr\u00f3 que las remuneraciones promedio de los trabajadores crecieron 7,6% aunque quedaron 4,8 puntos porcentuales por debajo de la inflaci\u00f3n del mismo per\u00edodo, que alcanz\u00f3 el 12,4%.<\/p>\n<p>En el octavo mes del a\u00f1o,\u00a0la variaci\u00f3n respecto al mes anterior fue de 3,4 puntos porcentuales. En tanto, la\u00a0variaci\u00f3n anual fue del 121,8% y acumul\u00f3 75,9% en lo que va del a\u00f1o.<\/p>\n<p>El crecimiento mensual se debe a los aumentos de\u00a08,3% en el sector privado registrado, de 6% en el sector p\u00fablico y de 8,5% en el sector privado no registrado.<\/p>\n<p>Seg\u00fan indic\u00f3 el organismo, el sector privado registrado obtuvo un incremento acumulado del 76,8% en el promedio de los sueldos de los trabajadores entre enero y agosto, y mostr\u00f3 una variaci\u00f3n interanual del 121,1%.<\/p>\n<p>Por su parte,\u00a0<strong>el sector p\u00fablico registr\u00f3 en agosto una acumulada del 80,4%\u00a0<\/strong>y un incremento anualizado del 137,7%. En tanto que los ingresos de los empleados\u00a0<strong>no registrados fue del 63,8%\u00a0<\/strong>en los primeros ocho meses del a\u00f1o y llegaron a una variaci\u00f3n interanual del 95,1%.<\/p>\n<p>Mientras los salarios crecieron en agosto un 7,6%, la inflaci\u00f3n para el mismo per\u00edodo fue casi cinco puntos por encima. De acuerdo al dato de INDEC, el \u00cdndice de Precios al Consumidor (IPC) fue del 12,4%.<\/p>\n<p><strong>El IPC acumul\u00f3 un 80,2% en el octavo mes, 4,3 puntos porcentuales menos que el aumento acumulado de salarios<\/strong>. En tanto que en la medici\u00f3n interanual se ubic\u00f3 en el 124,4%.<\/p>\n<p>Hay que tener en cuenta que\u00a0<strong>la inflaci\u00f3n de agosto -la m\u00e1s alta en 21 a\u00f1os- estuvo marcada por la devaluaci\u00f3n\u00a0<\/strong>que dispuso el Gobierno tras los resultados de las PASO.<\/p>\n<p>En ese sentido, para intentar contrarrestar el impacto de la medida, el ministro de Econom\u00eda, Sergio Massa, otorg\u00f3 una serie de\u00a0<strong>bonos y refuerzos para los sectores m\u00e1s golpeados<\/strong>, como jubilados y pensionados, trabajadores, monotributistas y beneficiarios de programas sociales<strong>(VW)<\/strong>.<\/p>\n","protected":false},"excerpt":{"rendered":"<p>El crecimiento mensual se debe a los aumentos de\u00a08,3% en el sector privado registrado, de 6% en el sector p\u00fablico y de 8,5% en el sector privado no registrado.<\/p>\n","protected":false},"author":3,"featured_media":11587,"comment_status":"closed","ping_status":"closed","sticky":false,"template":"","format":"standard","meta":{"_monsterinsights_skip_tracking":false,"_monsterinsights_sitenote_active":false,"_monsterinsights_sitenote_note":"","_monsterinsights_sitenote_category":0,"footnotes":""},"categories":[8],"tags":[3551,75,77,56],"class_list":["post-12342","post","type-post","status-publish","format-standard","has-post-thumbnail","hentry","category-interes-general","tag-caida","tag-indec","tag-inflacion","tag-salarios"],"_links":{"self":[{"href":"https:\/\/www.visionweb.com.ar\/index.php?rest_route=\/wp\/v2\/posts\/12342","targetHints":{"allow":["GET"]}}],"collection":[{"href":"https:\/\/www.visionweb.com.ar\/index.php?rest_route=\/wp\/v2\/posts"}],"about":[{"href":"https:\/\/www.visionweb.com.ar\/index.php?rest_route=\/wp\/v2\/types\/post"}],"author":[{"embeddable":true,"href":"https:\/\/www.visionweb.com.ar\/index.php?rest_route=\/wp\/v2\/users\/3"}],"replies":[{"embeddable":true,"href":"https:\/\/www.visionweb.com.ar\/index.php?rest_route=%2Fwp%2Fv2%2Fcomments&post=12342"}],"version-history":[{"count":1,"href":"https:\/\/www.visionweb.com.ar\/index.php?rest_route=\/wp\/v2\/posts\/12342\/revisions"}],"predecessor-version":[{"id":12343,"href":"https:\/\/www.visionweb.com.ar\/index.php?rest_route=\/wp\/v2\/posts\/12342\/revisions\/12343"}],"wp:featuredmedia":[{"embeddable":true,"href":"https:\/\/www.visionweb.com.ar\/index.php?rest_route=\/wp\/v2\/media\/11587"}],"wp:attachment":[{"href":"https:\/\/www.visionweb.com.ar\/index.php?rest_route=%2Fwp%2Fv2%2Fmedia&parent=12342"}],"wp:term":[{"taxonomy":"category","embeddable":true,"href":"https:\/\/www.visionweb.com.ar\/index.php?rest_route=%2Fwp%2Fv2%2Fcategories&post=12342"},{"taxonomy":"post_tag","embeddable":true,"href":"https:\/\/www.visionweb.com.ar\/index.php?rest_route=%2Fwp%2Fv2%2Ftags&post=12342"}],"curies":[{"name":"wp","href":"https:\/\/api.w.org\/{rel}","templated":true}]}}