{"id":12340,"date":"2023-10-27T10:02:26","date_gmt":"2023-10-27T13:02:26","guid":{"rendered":"https:\/\/www.visionweb.com.ar\/?p=12340"},"modified":"2023-10-27T10:02:26","modified_gmt":"2023-10-27T13:02:26","slug":"para-kicillof-muchos-intendentes-radicales-del-interior-me-dicen-que-no-estan-de-acuerdo-con-milei","status":"publish","type":"post","link":"https:\/\/www.visionweb.com.ar\/?p=12340","title":{"rendered":"Para Kicillof muchos intendentes radicales del interior me dicen que no est\u00e1n de acuerdo con Milei"},"content":{"rendered":"<p><em><strong>El gobernador volvi\u00f3 a impulsar la candidatura del ministro de Econom\u00eda tras el encuentro en el CFI, y cont\u00f3 charla que mantiene con radicales bonaerenses.<\/strong><\/em><!--more--><\/p>\n<p><strong><img loading=\"lazy\" decoding=\"async\" class=\"size-medium wp-image-8972 alignright\" src=\"https:\/\/www.visionweb.com.ar\/wp-content\/uploads\/2023\/01\/kicillof-gel-intimo-300x201.jpg\" alt=\"\" width=\"300\" height=\"201\" srcset=\"https:\/\/www.visionweb.com.ar\/wp-content\/uploads\/2023\/01\/kicillof-gel-intimo-300x201.jpg 300w, https:\/\/www.visionweb.com.ar\/wp-content\/uploads\/2023\/01\/kicillof-gel-intimo.bmp 628w\" sizes=\"auto, (max-width: 300px) 100vw, 300px\" \/>E<\/strong>l gobernador, bonaerense, Axel Kicillof calific\u00f3 hoy de \u201cexcelente\u201d la extensa reuni\u00f3n que mantuvo junto a sus pares del PJ con el candidato presidencial de UxP Sergio Massa y, reafirm\u00f3 el \u201cacompa\u00f1amiento\u201d de todos en la carrera por imponerse en el balotaje sobre Javier Milei.<\/p>\n<p>Asimismo, el mandatario bonaerense confirm\u00f3 que mantiene contactos con intendentes bonaerenses del radicalismo y sugiri\u00f3 que muchos no votar\u00e1n a Javier Milei.<\/p>\n<p>Kicillof emiti\u00f3 sus puntos de vista tras la reuni\u00f3n en el Consejo Federal de Inversiones en un comunicado en el cual, como viene haciendo, reafirm\u00f3 su respaldo a Massa. Aunque esta vez lo hizo en primera persona del plural, con lo que involucr\u00f3 al resto de los gobernadores del peronismo -reelectos y salientes- en ese enf\u00e1tico respaldo.<\/p>\n<p>\u201cTodos los gobernadores hemos expresado nuestro apoyo y acompa\u00f1amiento al candidato de Uni\u00f3n por la Patria, Sergio Massa, porque es el m\u00e1s preparado, pero tambi\u00e9n el m\u00e1s sensato y el \u00fanico que tiene los pies sobre la tierra\u201d, consider\u00f3 Kicillof seg\u00fan el comunicado.<\/p>\n<p>Tras la crisis entre la UCR y el sector de PRO encabezado por Mauricio Macri y Patricia Bullrich, Kicillof sugiri\u00f3 acercamientos con representantes de ese partido. Con cautela, sin dar nombres y sin hablar de respaldos o alianzas, el gobernador se\u00f1al\u00f3 que \u201che hablado con muchos intendentes y dirigentes radicales del interior de la provincia y, m\u00e1s all\u00e1 de la inscripci\u00f3n partidaria, no est\u00e1n de acuerdo con acompa\u00f1ar las posturas de Milei\u201d, dijo.<\/p>\n<p>De todos modos, en la l\u00ednea de las expresiones de Massa en una conferencia de prensa posterior al encuentro, Kicillof dijo que \u201clo importante no es lo que suceda con los dirigentes y los partidos, sino con los representados, la sociedad y nuestro pueblo\u201d.<\/p>\n<p>Por otra parte, el gobernador detall\u00f3 alguna de las pol\u00edticas concretas que se debatieron en el encuentro. Y las present\u00f3 como contrapuestas a las de Milei.<\/p>\n<p>\u201cUno de los temas que se abordaron fue la coparticipaci\u00f3n. Al contrario de lo que propone Milei que es eliminarla, Sergio Massa se\u00f1al\u00f3 que apunta a fortalecer los ingresos provinciales para que haya un pa\u00eds con mejor distribuci\u00f3n, m\u00e1s equidad, en el que todos los que nacen en el interior puedan desarrollar su vida all\u00ed donde nacieron. Esto implica tambi\u00e9n trabajar para que haya m\u00e1s universidades p\u00fablicas y gratuitas, que fue una preocupaci\u00f3n que expresamos todos los gobernadores\u201d, se\u00f1al\u00f3<\/p>\n<p>Kicillof dijo que el candidato presidencial \u201cen segundo lugar plante\u00f3 un plan de obras muy ambicioso. Frente a la idea de obra p\u00fablica cero, nosotros creemos que en la Argentina se necesita m\u00e1s inversi\u00f3n p\u00fablica. Un ejemplo de esto es el de los ferrocarriles, porque en la provincia de Buenos Aires cuando se aplicaron las pol\u00edticas de la derecha nos dejaron pueblos fantasmas\u201d.<\/p>\n<p>Finalmente, mencion\u00f3 \u201cun plan de seguridad en el marco de un programa denominado Ciudades Seguras, muchas de ellas ubicadas en la provincia de Buenos Aires, y de muchos otros proyectos concretos y propuestas para encarar durante el pr\u00f3ximo periodo de gobierno\u201d<strong>(VW)<\/strong>.<\/p>\n","protected":false},"excerpt":{"rendered":"<p>El gobernador volvi\u00f3 a impulsar la candidatura del ministro de Econom\u00eda tras el encuentro en el CFI, y cont\u00f3 charla que mantiene con radicales bonaerenses.<\/p>\n","protected":false},"author":3,"featured_media":8972,"comment_status":"closed","ping_status":"closed","sticky":false,"template":"","format":"standard","meta":{"_monsterinsights_skip_tracking":false,"_monsterinsights_sitenote_active":false,"_monsterinsights_sitenote_note":"","_monsterinsights_sitenote_category":0,"footnotes":""},"categories":[4],"tags":[340,167,1839],"class_list":["post-12340","post","type-post","status-publish","format-standard","has-post-thumbnail","hentry","category-politica","tag-elecciones","tag-kicillof","tag-radicales"],"_links":{"self":[{"href":"https:\/\/www.visionweb.com.ar\/index.php?rest_route=\/wp\/v2\/posts\/12340","targetHints":{"allow":["GET"]}}],"collection":[{"href":"https:\/\/www.visionweb.com.ar\/index.php?rest_route=\/wp\/v2\/posts"}],"about":[{"href":"https:\/\/www.visionweb.com.ar\/index.php?rest_route=\/wp\/v2\/types\/post"}],"author":[{"embeddable":true,"href":"https:\/\/www.visionweb.com.ar\/index.php?rest_route=\/wp\/v2\/users\/3"}],"replies":[{"embeddable":true,"href":"https:\/\/www.visionweb.com.ar\/index.php?rest_route=%2Fwp%2Fv2%2Fcomments&post=12340"}],"version-history":[{"count":1,"href":"https:\/\/www.visionweb.com.ar\/index.php?rest_route=\/wp\/v2\/posts\/12340\/revisions"}],"predecessor-version":[{"id":12341,"href":"https:\/\/www.visionweb.com.ar\/index.php?rest_route=\/wp\/v2\/posts\/12340\/revisions\/12341"}],"wp:featuredmedia":[{"embeddable":true,"href":"https:\/\/www.visionweb.com.ar\/index.php?rest_route=\/wp\/v2\/media\/8972"}],"wp:attachment":[{"href":"https:\/\/www.visionweb.com.ar\/index.php?rest_route=%2Fwp%2Fv2%2Fmedia&parent=12340"}],"wp:term":[{"taxonomy":"category","embeddable":true,"href":"https:\/\/www.visionweb.com.ar\/index.php?rest_route=%2Fwp%2Fv2%2Fcategories&post=12340"},{"taxonomy":"post_tag","embeddable":true,"href":"https:\/\/www.visionweb.com.ar\/index.php?rest_route=%2Fwp%2Fv2%2Ftags&post=12340"}],"curies":[{"name":"wp","href":"https:\/\/api.w.org\/{rel}","templated":true}]}}