{"id":12333,"date":"2023-10-26T10:31:05","date_gmt":"2023-10-26T13:31:05","guid":{"rendered":"https:\/\/www.visionweb.com.ar\/?p=12333"},"modified":"2023-10-26T10:34:36","modified_gmt":"2023-10-26T13:34:36","slug":"el-gobierno-extendio-precios-justos-hasta-el-31-de-diciembre","status":"publish","type":"post","link":"https:\/\/www.visionweb.com.ar\/?p=12333","title":{"rendered":"El gobierno extendi\u00f3 Precios justos hasta el 31 de diciembre"},"content":{"rendered":"<p><em><strong>El programa venc\u00eda a fines de octubre y lo renovaron por 60 d\u00edas, en busca amortiguar el deterioro econ\u00f3mico. Las empresas podr\u00edan aumentar los precios no m\u00e1s de un 5% por mes.\u00a0<\/strong><\/em><!--more--><\/p>\n<p><img loading=\"lazy\" decoding=\"async\" class=\"size-medium wp-image-12336 alignright\" src=\"https:\/\/www.visionweb.com.ar\/wp-content\/uploads\/2023\/10\/precios-justos-dic-300x209.png\" alt=\"\" width=\"300\" height=\"209\" srcset=\"https:\/\/www.visionweb.com.ar\/wp-content\/uploads\/2023\/10\/precios-justos-dic-300x209.png 300w, https:\/\/www.visionweb.com.ar\/wp-content\/uploads\/2023\/10\/precios-justos-dic.png 441w\" sizes=\"auto, (max-width: 300px) 100vw, 300px\" \/>\u00a0 <strong>E<\/strong>l Gobierno extendi\u00f3 el programa de valores de referencia <strong>Precios Justos<\/strong> hasta el 31 de diciembre, y con casi las mismas condiciones que el vigente, luego de acelerar las negociaciones con las empresas.<\/p>\n<p>A trav\u00e9s del\u00a0<strong>Decreto 551\/2023<\/strong>, publicado este jueves en el Bolet\u00edn Oficial,\u00a0<strong>el presidente Alberto Fern\u00e1ndez revalid\u00f3 lo establecido por la medida firmada en agosto pasado<\/strong>, vigente hasta el 31 de octubre.<\/p>\n<p>El Gobierno en ese sentido justific\u00f3 la decisi\u00f3n por <strong>\u201clos acontecimientos econ\u00f3micos-financieros que afronta el pa\u00eds\u201d, <\/strong>y explic\u00f3 que es<strong> \u201cpertinente establecer la vigencia de las disposiciones\u201d hasta el 31 de diciembre.<\/strong><\/p>\n<p>El texto de esta medida expresa que el objetivo es<strong>\u00a0\u201ccontinuar con la aplicaci\u00f3n de aquellas pol\u00edticas que tienden a brindar soluciones apropiadas para amortiguar el impacto de dichos acontecimientos en el \u00e1mbito social, econ\u00f3mico y productivo\u201d<\/strong>.<\/p>\n<p>La norma prorrogada contempla, entre otros puntos, la\u00a0<strong>suspensi\u00f3n del pago de cargas que pudieran recaer sobre la compra de billetes y divisas en moneda extranjera para la importaci\u00f3n<\/strong>\u00a0de una serie de mercader\u00edas; la\u00a0<strong>reducci\u00f3n al 0% de la al\u00edcuota del derecho de exportaci\u00f3n<\/strong>\u00a0para algunos productos; y la\u00a0<strong>pr\u00f3rroga de los vencimientos para el pago de los adelantos de los impuestos y de las obligaciones de la seguridad social<\/strong>\u00a0que disponga la Administraci\u00f3n Federal de Ingresos P\u00fablicos (AFIP).<\/p>\n<p>De esta manera, desde el gobierno se espera poder seducir a las empresas para que se mantengan en el programa Precios Justos<strong> para pelear contra la inflaci\u00f3n<\/strong>. <strong>(VW)<\/strong><\/p>\n<p>&nbsp;<\/p>\n","protected":false},"excerpt":{"rendered":"<p>El programa venc\u00eda a fines de octubre y lo renovaron por 60 d\u00edas, en busca amortiguar el deterioro econ\u00f3mico. Las empresas podr\u00edan aumentar los precios no m\u00e1s de un 5% por mes.\u00a0<\/p>\n","protected":false},"author":4,"featured_media":12336,"comment_status":"closed","ping_status":"closed","sticky":false,"template":"","format":"standard","meta":{"_monsterinsights_skip_tracking":false,"_monsterinsights_sitenote_active":false,"_monsterinsights_sitenote_note":"","_monsterinsights_sitenote_category":0,"footnotes":""},"categories":[6,4],"tags":[5128,3203],"class_list":["post-12333","post","type-post","status-publish","format-standard","has-post-thumbnail","hentry","category-economia","category-politica","tag-extension-al-31-de-diciembre","tag-precios-justos"],"_links":{"self":[{"href":"https:\/\/www.visionweb.com.ar\/index.php?rest_route=\/wp\/v2\/posts\/12333","targetHints":{"allow":["GET"]}}],"collection":[{"href":"https:\/\/www.visionweb.com.ar\/index.php?rest_route=\/wp\/v2\/posts"}],"about":[{"href":"https:\/\/www.visionweb.com.ar\/index.php?rest_route=\/wp\/v2\/types\/post"}],"author":[{"embeddable":true,"href":"https:\/\/www.visionweb.com.ar\/index.php?rest_route=\/wp\/v2\/users\/4"}],"replies":[{"embeddable":true,"href":"https:\/\/www.visionweb.com.ar\/index.php?rest_route=%2Fwp%2Fv2%2Fcomments&post=12333"}],"version-history":[{"count":3,"href":"https:\/\/www.visionweb.com.ar\/index.php?rest_route=\/wp\/v2\/posts\/12333\/revisions"}],"predecessor-version":[{"id":12337,"href":"https:\/\/www.visionweb.com.ar\/index.php?rest_route=\/wp\/v2\/posts\/12333\/revisions\/12337"}],"wp:featuredmedia":[{"embeddable":true,"href":"https:\/\/www.visionweb.com.ar\/index.php?rest_route=\/wp\/v2\/media\/12336"}],"wp:attachment":[{"href":"https:\/\/www.visionweb.com.ar\/index.php?rest_route=%2Fwp%2Fv2%2Fmedia&parent=12333"}],"wp:term":[{"taxonomy":"category","embeddable":true,"href":"https:\/\/www.visionweb.com.ar\/index.php?rest_route=%2Fwp%2Fv2%2Fcategories&post=12333"},{"taxonomy":"post_tag","embeddable":true,"href":"https:\/\/www.visionweb.com.ar\/index.php?rest_route=%2Fwp%2Fv2%2Ftags&post=12333"}],"curies":[{"name":"wp","href":"https:\/\/api.w.org\/{rel}","templated":true}]}}