{"id":12325,"date":"2023-10-26T09:54:26","date_gmt":"2023-10-26T12:54:26","guid":{"rendered":"https:\/\/www.visionweb.com.ar\/?p=12325"},"modified":"2023-10-26T09:54:26","modified_gmt":"2023-10-26T12:54:26","slug":"la-crisis-como-nueva-normalidad","status":"publish","type":"post","link":"https:\/\/www.visionweb.com.ar\/?p=12325","title":{"rendered":"La crisis como nueva normalidad"},"content":{"rendered":"<p><em><strong>Una mirada de la realidad que nadie asume, y de la que ning\u00fan pol\u00edtico habla: \u201cEl poder no lo tiene quien gana una discusi\u00f3n sino quien fija los t\u00e9rminos de la misma\u201d. \u201cEl ejemplo m\u00e1s flagrante de c\u00f3mo la pol\u00edtica dispone de los fondos p\u00fablicos para sus propios intereses\u201d.<\/strong><\/em><!--more--><\/p>\n<p><em>\u00a0<strong>Por el Dr. Eugenio Semino (*)<\/strong><\/em><\/p>\n<p><strong><img loading=\"lazy\" decoding=\"async\" class=\"size-medium wp-image-12326 alignright\" src=\"https:\/\/www.visionweb.com.ar\/wp-content\/uploads\/2023\/10\/Semino-300x188.png\" alt=\"\" width=\"300\" height=\"188\" srcset=\"https:\/\/www.visionweb.com.ar\/wp-content\/uploads\/2023\/10\/Semino-300x188.png 300w, https:\/\/www.visionweb.com.ar\/wp-content\/uploads\/2023\/10\/Semino.png 517w\" sizes=\"auto, (max-width: 300px) 100vw, 300px\" \/>\u00a0\u00a0 E<\/strong>n lo que va del a\u00f1o se ha discutido en Argentina una extensa serie de trivialidades y delirios generados por la campa\u00f1a electoral, con sus pol\u00e9micas, sus juegos sucios y su folclore psicod\u00e9lico. Todo ese ruido nos entretuvo y nos entretiene mientras <strong>la crisis va creciendo y asent\u00e1ndose como parte de la vida cotidiana<\/strong>.<\/p>\n<p>Mientras unos celebran la victoria y otros lloran la derrota, la jubilaci\u00f3n de la que depende el sustento de millones de personas mayores se diluye entre los dedos. El aumento constante de la inflaci\u00f3n est\u00e1 dejando los haberes jubilatorios tan rezagados que ning\u00fan aumento o bono de los tantos que se anuncian puede lograr hacer ninguna diferencia.<\/p>\n<p>El Ministerio de Econom\u00eda, que desde la llegada del actual candidato a presidente, fue <strong>convertido en un centro de campa\u00f1a electoral<\/strong>, no solamente est\u00e1 lejos de atenuar la destrucci\u00f3n del haber jubilatorio sino que <strong>contribuye con dicha destrucci\u00f3n al propiciar la inflaci\u00f3n mediante la emisi\u00f3n de moneda con fines electorales<\/strong>.<\/p>\n<p>No tiene sentido anunciar bonos, aumentos, previajes, parches y regalitos, si al mismo tiempo se contribuye al aumento de la inflaci\u00f3n y la devaluaci\u00f3n de la moneda. En ese sentido, la gesti\u00f3n de Sergio Massa como ministro y candidato es el <strong>ejemplo m\u00e1s flagrante de c\u00f3mo la pol\u00edtica dispone de los fondos p\u00fablicos para sus propios intereses<\/strong>.<\/p>\n<p>Y, dicho sea de paso, las propagandas en las que Massa dialoga con jubilados que le agradecen sus d\u00e1divas y expresan su temor a perderlas en el caso de que gane la oposici\u00f3n, son la m\u00e1s grosera expresi\u00f3n de una concepci\u00f3n feudal de la pol\u00edtica. Una concepci\u00f3n seg\u00fan la cual los ciudadanos y votantes ofician de vasallos de un noble que los protege.<\/p>\n<p><strong>La idea moderna de ser un ciudadano con derechos, de tener derecho a una jubilaci\u00f3n digna por el hecho de haber aportado durante d\u00e9cadas, est\u00e1 totalmente diluida.<\/strong> La sociedad acept\u00f3 y acepta la degradaci\u00f3n de la figura del jubilado como un proceso inexorable, legitimado por el discurso de la extrema derecha y efectivizado por la praxis del populismo.<\/p>\n<p>Como si esto fuera poco<strong>, la crisis sanitaria<\/strong> que venimos denunciando en el sector de la tercera edad desde hace ya unos a\u00f1os, se est\u00e1 extendiendo a todos los sectores. La semana pasada los directores de los seis hospitales m\u00e1s importantes de la ciudad de Buenos Aires realizaron un comunicado advirtiendo sobre <strong>el peligro en el que se encuentran sus instituciones a causa de la crisis<\/strong>. En particular se\u00f1alaron que se est\u00e1 reesterilizando el instrumental m\u00e1s veces de lo recomendable.<\/p>\n<p>A su vez, m\u00e9dicos que dan prestaciones mediante prepagas y obras sociales est\u00e1n solicitando un cobro adicional porque no logran cubrir sus costos. Y la posibilidad para acceder a un turno, aun para quienes tienen obra social, se hace cada vez m\u00e1s remoto. Se est\u00e1n dando turnos a tres meses para personas que tiene enfermadles graves.<\/p>\n<p><img loading=\"lazy\" decoding=\"async\" class=\"size-medium wp-image-12327 alignleft\" src=\"https:\/\/www.visionweb.com.ar\/wp-content\/uploads\/2023\/10\/jubilados-300x174.png\" alt=\"\" width=\"300\" height=\"174\" srcset=\"https:\/\/www.visionweb.com.ar\/wp-content\/uploads\/2023\/10\/jubilados-300x174.png 300w, https:\/\/www.visionweb.com.ar\/wp-content\/uploads\/2023\/10\/jubilados.png 576w\" sizes=\"auto, (max-width: 300px) 100vw, 300px\" \/>No hay un solo representante pol\u00edtico, ya sea del oficialismo o de las diversas oposiciones, que haya realizado siquiera una declaraci\u00f3n al respecto. Las vacaciones suntuosas de un funcionario en el Mediterr\u00e1neo son m\u00e1s importantes, en la agenda p\u00fablica y pol\u00edtica, que el colapso del sistema sanitario.<\/p>\n<p>Dig\u00e1moslo con claridad, todos los d\u00edas en nuestro pa\u00eds se est\u00e1 muriendo gente por causas que son f\u00e1cilmente evitables para la medicina moderna. Gente que en un pa\u00eds con un sistema de salud eficiente seguir\u00eda viviendo varios a\u00f1os m\u00e1s.<\/p>\n<p><strong>El temor de lo que podr\u00eda ocurrir nos est\u00e1 llevando a normalizar lo que est\u00e1 ocurriendo.<\/strong> La amenaza de la ultraderecha, el peligro de una hiperinflaci\u00f3n, el temor a un estallido social gane quien gane las elecciones, est\u00e1n haciendo que subamos el nivel de lo aceptable. Ya no se trata de resignaci\u00f3n sino de una <strong>gigantesca rebaja de las expectativas<\/strong>. Nos estamos aclimatando al desastre.<\/p>\n<p>Si no se rompe con esa l\u00f3gica de conformismo autodestructivo no hay manera de detener la decadencia de la sociedad y sus instituciones. Sin lugar a dudas ese cambio de mentalidad conlleva una serie de actos complejos, no es algo que vaya a ocurrir de un d\u00eda para el otro.<\/p>\n<p>Pero una de las cosas que es imprescindible hacer para conseguirlo es identificar los verdaderos problemas y llamarlos por su nombre, sin atenuantes ni relativismos.<\/p>\n<p><strong>Las jubilaciones son una miseria, el sistema de salud est\u00e1 en crisis, el PAMI colaps\u00f3 hace tiempo y la crisis econ\u00f3mica est\u00e1 arrasando sectores cada vez m\u00e1s amplios de la sociedad<\/strong>.<\/p>\n<p><strong>El show electoral no deber\u00eda hacernos perder de vista estos problemas<\/strong>, porque van a seguir agrav\u00e1ndose, sin importar qui\u00e9n gane las elecciones. <strong>(VW)<\/strong><\/p>\n<p><em><strong>(*) Defensor de la Tercera Edad &#8211; Pte. de la Sociedad Iberoamericana de Gerontolog\u00eda y Geriatr\u00eda (SIGG)<\/strong><\/em><\/p>\n","protected":false},"excerpt":{"rendered":"<p>Una mirada de la realidad que nadie asume, y de la que ning\u00fan pol\u00edtico habla: \u201cEl poder no lo tiene quien gana una discusi\u00f3n sino quien fija los t\u00e9rminos de la misma\u201d. \u201cEl ejemplo&#46;&#46;&#46;<\/p>\n","protected":false},"author":4,"featured_media":12327,"comment_status":"closed","ping_status":"closed","sticky":false,"template":"","format":"standard","meta":{"_monsterinsights_skip_tracking":false,"_monsterinsights_sitenote_active":false,"_monsterinsights_sitenote_note":"","_monsterinsights_sitenote_category":0,"footnotes":""},"categories":[4,5],"tags":[1026,4921,569],"class_list":["post-12325","post","type-post","status-publish","format-standard","has-post-thumbnail","hentry","category-politica","category-sociedad","tag-crisis","tag-dr-eugenio-semino","tag-jubilados"],"_links":{"self":[{"href":"https:\/\/www.visionweb.com.ar\/index.php?rest_route=\/wp\/v2\/posts\/12325","targetHints":{"allow":["GET"]}}],"collection":[{"href":"https:\/\/www.visionweb.com.ar\/index.php?rest_route=\/wp\/v2\/posts"}],"about":[{"href":"https:\/\/www.visionweb.com.ar\/index.php?rest_route=\/wp\/v2\/types\/post"}],"author":[{"embeddable":true,"href":"https:\/\/www.visionweb.com.ar\/index.php?rest_route=\/wp\/v2\/users\/4"}],"replies":[{"embeddable":true,"href":"https:\/\/www.visionweb.com.ar\/index.php?rest_route=%2Fwp%2Fv2%2Fcomments&post=12325"}],"version-history":[{"count":1,"href":"https:\/\/www.visionweb.com.ar\/index.php?rest_route=\/wp\/v2\/posts\/12325\/revisions"}],"predecessor-version":[{"id":12328,"href":"https:\/\/www.visionweb.com.ar\/index.php?rest_route=\/wp\/v2\/posts\/12325\/revisions\/12328"}],"wp:featuredmedia":[{"embeddable":true,"href":"https:\/\/www.visionweb.com.ar\/index.php?rest_route=\/wp\/v2\/media\/12327"}],"wp:attachment":[{"href":"https:\/\/www.visionweb.com.ar\/index.php?rest_route=%2Fwp%2Fv2%2Fmedia&parent=12325"}],"wp:term":[{"taxonomy":"category","embeddable":true,"href":"https:\/\/www.visionweb.com.ar\/index.php?rest_route=%2Fwp%2Fv2%2Fcategories&post=12325"},{"taxonomy":"post_tag","embeddable":true,"href":"https:\/\/www.visionweb.com.ar\/index.php?rest_route=%2Fwp%2Fv2%2Ftags&post=12325"}],"curies":[{"name":"wp","href":"https:\/\/api.w.org\/{rel}","templated":true}]}}