{"id":12307,"date":"2023-10-25T12:45:01","date_gmt":"2023-10-25T15:45:01","guid":{"rendered":"https:\/\/www.visionweb.com.ar\/?p=12307"},"modified":"2023-10-25T12:45:01","modified_gmt":"2023-10-25T15:45:01","slug":"massa-presento-el-programa-integral-de-ciudades-seguras","status":"publish","type":"post","link":"https:\/\/www.visionweb.com.ar\/?p=12307","title":{"rendered":"Massa present\u00f3 el \u00abPrograma Integral de Ciudades Seguras\u00bb"},"content":{"rendered":"<p><em><strong>Se trata de un plan contra la inseguridad que consta en la creaci\u00f3n de 50 centros de monitoreo inteligente en las localidades m\u00e1s comprometidas. La inversi\u00f3n que estim\u00f3 es de $40.000 millones.<\/strong><\/em><!--more--><\/p>\n<p><strong><img loading=\"lazy\" decoding=\"async\" class=\"size-medium wp-image-12308 alignright\" src=\"https:\/\/www.visionweb.com.ar\/wp-content\/uploads\/2023\/10\/massa-ciudades-seguras-300x239.png\" alt=\"\" width=\"300\" height=\"239\" srcset=\"https:\/\/www.visionweb.com.ar\/wp-content\/uploads\/2023\/10\/massa-ciudades-seguras-300x239.png 300w, https:\/\/www.visionweb.com.ar\/wp-content\/uploads\/2023\/10\/massa-ciudades-seguras.png 554w\" sizes=\"auto, (max-width: 300px) 100vw, 300px\" \/>\u00a0 <\/strong><strong>E<\/strong>l ministro de Econom\u00eda de la Naci\u00f3n y candidato presidencial de\u00a0Uni\u00f3n por la Patria,\u00a0<strong>Sergio Massa<\/strong>, present\u00f3 ayer el\u00a0<strong>Programa Integral de Ciudades Seguras<\/strong>\u00a0para municipios de todo el pa\u00eds, y que contempla la creaci\u00f3n de <strong>50 Centros Inteligentes de Monitoreo<\/strong> (CIM).<\/p>\n<p>Durante la presentaci\u00f3n, que se realiz\u00f3 en la Sala Argentina del Centro Cultural Kirchner (CCK), con la presencia de funcionarios nacionales e intendentes, Massa remarc\u00f3 que \u201ceste programa debe establecerse como pol\u00edtica de Estado\u00bb.<\/p>\n<p>\u00ab<strong>La lucha contra la inseguridad no puede tener una bandera pol\u00edtica, tiene que ser una pol\u00edtica de Estado<\/strong>\u00ab, augur\u00f3.<\/p>\n<p>\u00abHay intendentes de todas las fuerzas pol\u00edticas porque la lucha contra la inseguridad no puede tener una bandera pol\u00edtica, tiene que ser una pol\u00edtica de Estado y una convicci\u00f3n en la que <strong>todos los sectores de la pol\u00edtica trabajemos juntos<\/strong>\u00ab, expres\u00f3.<\/p>\n<p>Seg\u00fan explic\u00f3 el dirigente y candidato a presidente, el objetivo es mejorar la conectividad de 125 ciudades con m\u00e1s de 50 mil habitantes a trav\u00e9s de <strong>una inversi\u00f3n de 40.000 millones de pesos<\/strong>.<\/p>\n<p>Y es ese punto detall\u00f3 que los fondos para esta inversi\u00f3n surgir\u00edan de las licencias de la tecnolog\u00eda 5G: \u00abRecaudamos casi 900 millones de d\u00f3lares por el uso del espectro del Estado argentino, y parte de esos recursos son para invertir en tecnolog\u00eda que va a estar aplicada a la ampliaci\u00f3n del espectro y la conectividad\u00bb.<\/p>\n<p>El programa consta de una <strong>primera etapa<\/strong> que contempla la\u00a0<strong>construcci\u00f3n de 50 centros para las ciudades con los mayores \u00edndices de incidencia de delitos y violencia del pa\u00eds<\/strong>.<\/p>\n<p>Los CIM \u201c<strong>estar\u00e1n equipados con tecnolog\u00eda de vanguardia y nuevos sistemas en seguridad, y contar\u00e1n con capacidad para utilizar inteligencia artificial con el fin de reforzar las tareas de prevenci\u00f3n, mejorar la respuesta ante situaciones delictivas y permitir una mayor coordinaci\u00f3n entre las partes que intervienen<\/strong>\u201d.<\/p>\n<p>As\u00ed, el equipamiento dedicado a cada CIM constar\u00e1 de elementos tales como \u00abc\u00e1maras de alta definici\u00f3n, ubicadas en zonas estrat\u00e9gicas; anillo digital, con dise\u00f1o de marca nacional para monitoreo de entrada y salida de veh\u00edculos en tiempo real\u00bb, y un \u00absoftware aplicado a la gesti\u00f3n de seguridad, que permita el an\u00e1lisis y seguimiento de eventos y la administraci\u00f3n eficiente de m\u00faltiples fuentes de video\u00bb, entre otros puntos. <strong>(VW)<\/strong><\/p>\n","protected":false},"excerpt":{"rendered":"<p>Se trata de un plan contra la inseguridad que consta en la creaci\u00f3n de 50 centros de monitoreo inteligente en las localidades m\u00e1s comprometidas. La inversi\u00f3n que estim\u00f3 es de $40.000 millones.<\/p>\n","protected":false},"author":4,"featured_media":12308,"comment_status":"closed","ping_status":"closed","sticky":false,"template":"","format":"standard","meta":{"_monsterinsights_skip_tracking":false,"_monsterinsights_sitenote_active":false,"_monsterinsights_sitenote_note":"","_monsterinsights_sitenote_category":0,"footnotes":""},"categories":[4],"tags":[240,3048,869,5124],"class_list":["post-12307","post","type-post","status-publish","format-standard","has-post-thumbnail","hentry","category-politica","tag-inseguridad","tag-inversion","tag-massa","tag-programa-ciudades-seguras"],"_links":{"self":[{"href":"https:\/\/www.visionweb.com.ar\/index.php?rest_route=\/wp\/v2\/posts\/12307","targetHints":{"allow":["GET"]}}],"collection":[{"href":"https:\/\/www.visionweb.com.ar\/index.php?rest_route=\/wp\/v2\/posts"}],"about":[{"href":"https:\/\/www.visionweb.com.ar\/index.php?rest_route=\/wp\/v2\/types\/post"}],"author":[{"embeddable":true,"href":"https:\/\/www.visionweb.com.ar\/index.php?rest_route=\/wp\/v2\/users\/4"}],"replies":[{"embeddable":true,"href":"https:\/\/www.visionweb.com.ar\/index.php?rest_route=%2Fwp%2Fv2%2Fcomments&post=12307"}],"version-history":[{"count":1,"href":"https:\/\/www.visionweb.com.ar\/index.php?rest_route=\/wp\/v2\/posts\/12307\/revisions"}],"predecessor-version":[{"id":12309,"href":"https:\/\/www.visionweb.com.ar\/index.php?rest_route=\/wp\/v2\/posts\/12307\/revisions\/12309"}],"wp:featuredmedia":[{"embeddable":true,"href":"https:\/\/www.visionweb.com.ar\/index.php?rest_route=\/wp\/v2\/media\/12308"}],"wp:attachment":[{"href":"https:\/\/www.visionweb.com.ar\/index.php?rest_route=%2Fwp%2Fv2%2Fmedia&parent=12307"}],"wp:term":[{"taxonomy":"category","embeddable":true,"href":"https:\/\/www.visionweb.com.ar\/index.php?rest_route=%2Fwp%2Fv2%2Fcategories&post=12307"},{"taxonomy":"post_tag","embeddable":true,"href":"https:\/\/www.visionweb.com.ar\/index.php?rest_route=%2Fwp%2Fv2%2Ftags&post=12307"}],"curies":[{"name":"wp","href":"https:\/\/api.w.org\/{rel}","templated":true}]}}