{"id":12300,"date":"2023-10-25T08:34:16","date_gmt":"2023-10-25T11:34:16","guid":{"rendered":"https:\/\/www.visionweb.com.ar\/?p=12300"},"modified":"2023-10-25T08:34:16","modified_gmt":"2023-10-25T11:34:16","slug":"las-compras-con-cuenta-dni-y-tarjeta-de-debito-del-banco-provincia-crecieron-17-por-ciento","status":"publish","type":"post","link":"https:\/\/www.visionweb.com.ar\/?p=12300","title":{"rendered":"Las compras con cuenta DNI y tarjeta de d\u00e9bito del Banco Provincia crecieron 17 por ciento"},"content":{"rendered":"<p><em><strong>Este aumento en las operaciones con medios electr\u00f3nicos de pago est\u00e1 vinculado con el lanzamiento del programa Compre sin IVA, que entr\u00f3 en vigencia el 18 de septiembre.<\/strong><\/em><!--more--><\/p>\n<div id=\"attachment_12302\" style=\"width: 310px\" class=\"wp-caption alignright\"><img loading=\"lazy\" decoding=\"async\" aria-describedby=\"caption-attachment-12302\" class=\"wp-image-12302 size-medium\" src=\"https:\/\/www.visionweb.com.ar\/wp-content\/uploads\/2023\/10\/BAPRO-CABA-300x225.png\" alt=\"\" width=\"300\" height=\"225\" srcset=\"https:\/\/www.visionweb.com.ar\/wp-content\/uploads\/2023\/10\/BAPRO-CABA-300x225.png 300w, https:\/\/www.visionweb.com.ar\/wp-content\/uploads\/2023\/10\/BAPRO-CABA-320x240.png 320w, https:\/\/www.visionweb.com.ar\/wp-content\/uploads\/2023\/10\/BAPRO-CABA.png 640w\" sizes=\"auto, (max-width: 300px) 100vw, 300px\" \/><p id=\"caption-attachment-12302\" class=\"wp-caption-text\"><em><strong>La cuenta DNI y el descuento del IVA impulsaron las compras por parte de los consumidores (Archivo)<\/strong><\/em><\/p><\/div>\n<p><em><strong>La cantidad de operaciones concretadas con la Cuenta DNI y con<\/strong><\/em> las tarjetas de d\u00e9bito de Banco Provincia crecieron 17% durante los primeros 10 d\u00edas de octubre, impulsadas por la implementaci\u00f3n del programa Compre Sin IVA del Gobierno nacional.<\/p>\n<p>En un comunicado, la entidad oficial detall\u00f3 que entre el 1ro. y el 10 de octubre se registraron casi 17 millones de transacciones, 2,4 millones de compras m\u00e1s en relaci\u00f3n con el mismo per\u00edodo de septiembre.<\/p>\n<p>El incremento fue mayor en Cuenta DNI:<strong>\u00a0pas\u00f3 de 5,2 millones de operaciones a 6,3 millones en los diez primeros d\u00edas de octubre, equivalente a un crecimiento de 22%.<\/strong>\u00a0Las operaciones con tarjeta de d\u00e9bito, por su parte, pasaron en el mismo lapso de 9,3 a 10,6 millones, lo que represent\u00f3 una suba de 14%.<\/p>\n<p><strong>Este aumento en las operaciones con medios electr\u00f3nicos de pago est\u00e1 vinculado con el lanzamiento del programa Compre sin IVA, que entr\u00f3 en vigencia el 18 de septiembre.<\/strong><\/p>\n<p>Se trata de una medida del Gobierno nacional\u00a0<strong>que reintegra en concepto del impuesto al valor agregado (IVA) el 21% de las compras<\/strong>\u00a0a un segmento de la poblaci\u00f3n seg\u00fan su nivel de ingresos, en comercios seleccionados y en productos particulares hasta $18.800 por mes.<\/p>\n<p>\u201cDesde la banca p\u00fablica bonaerense buscamos que<strong>\u00a0Cuenta DNI<\/strong>\u00a0se sumara r\u00e1pidamente al programa porque, combinado con las promociones que ofrece la billetera digital, les permite a las personas ahorrar hasta $80 mil en la compra de productos de primera necesidad\u201d, explic\u00f3 Juan Cuattromo, titular del Banco Provincia.<\/p>\n<p>Destac\u00f3 que \u201cel programa de descuentos que ofrece<strong>\u00a0Cuenta DNI<\/strong>, impulsado por el gobernador Axel Kicillof en julio de 2021, es una pol\u00edtica p\u00fablica que va en la misma direcci\u00f3n del programa Compra sin IVA: aumentar la capacidad de compra de las familias en alimentos y art\u00edculos de primera necesidad\u201d.<\/p>\n<p><strong>Banco Provincia<\/strong>\u00a0tiene m\u00e1s de 7,5 millones de personas usuarias de\u00a0<strong>Cuenta DNI\u00a0<\/strong>y 7,8 millones de titulares de tarjetas de d\u00e9bito activas<strong>(VW)<\/strong><\/p>\n","protected":false},"excerpt":{"rendered":"<p>Este aumento en las operaciones con medios electr\u00f3nicos de pago est\u00e1 vinculado con el lanzamiento del programa Compre sin IVA, que entr\u00f3 en vigencia el 18 de septiembre.<\/p>\n","protected":false},"author":3,"featured_media":12302,"comment_status":"closed","ping_status":"closed","sticky":false,"template":"","format":"standard","meta":{"_monsterinsights_skip_tracking":false,"_monsterinsights_sitenote_active":false,"_monsterinsights_sitenote_note":"","_monsterinsights_sitenote_category":0,"footnotes":""},"categories":[8],"tags":[5123,451,2809],"class_list":["post-12300","post","type-post","status-publish","format-standard","has-post-thumbnail","hentry","category-interes-general","tag-cuenta","tag-descuentos","tag-dni"],"_links":{"self":[{"href":"https:\/\/www.visionweb.com.ar\/index.php?rest_route=\/wp\/v2\/posts\/12300","targetHints":{"allow":["GET"]}}],"collection":[{"href":"https:\/\/www.visionweb.com.ar\/index.php?rest_route=\/wp\/v2\/posts"}],"about":[{"href":"https:\/\/www.visionweb.com.ar\/index.php?rest_route=\/wp\/v2\/types\/post"}],"author":[{"embeddable":true,"href":"https:\/\/www.visionweb.com.ar\/index.php?rest_route=\/wp\/v2\/users\/3"}],"replies":[{"embeddable":true,"href":"https:\/\/www.visionweb.com.ar\/index.php?rest_route=%2Fwp%2Fv2%2Fcomments&post=12300"}],"version-history":[{"count":1,"href":"https:\/\/www.visionweb.com.ar\/index.php?rest_route=\/wp\/v2\/posts\/12300\/revisions"}],"predecessor-version":[{"id":12303,"href":"https:\/\/www.visionweb.com.ar\/index.php?rest_route=\/wp\/v2\/posts\/12300\/revisions\/12303"}],"wp:featuredmedia":[{"embeddable":true,"href":"https:\/\/www.visionweb.com.ar\/index.php?rest_route=\/wp\/v2\/media\/12302"}],"wp:attachment":[{"href":"https:\/\/www.visionweb.com.ar\/index.php?rest_route=%2Fwp%2Fv2%2Fmedia&parent=12300"}],"wp:term":[{"taxonomy":"category","embeddable":true,"href":"https:\/\/www.visionweb.com.ar\/index.php?rest_route=%2Fwp%2Fv2%2Fcategories&post=12300"},{"taxonomy":"post_tag","embeddable":true,"href":"https:\/\/www.visionweb.com.ar\/index.php?rest_route=%2Fwp%2Fv2%2Ftags&post=12300"}],"curies":[{"name":"wp","href":"https:\/\/api.w.org\/{rel}","templated":true}]}}