{"id":12297,"date":"2023-10-25T07:49:12","date_gmt":"2023-10-25T10:49:12","guid":{"rendered":"https:\/\/www.visionweb.com.ar\/?p=12297"},"modified":"2023-10-25T07:49:12","modified_gmt":"2023-10-25T10:49:12","slug":"bullrich-perdio-por-el-corte-de-boleta-en-112-municipios-bonaerenses","status":"publish","type":"post","link":"https:\/\/www.visionweb.com.ar\/?p=12297","title":{"rendered":"Bullrich perdi\u00f3 por el corte de boleta en 112 municipios bonaerenses"},"content":{"rendered":"<p><em><strong>En algunos distritos obtuvo 30 puntos menos que los candidatos a intendente de Juntos. El corte se dio incluso en distritos gobernados por intendentes de JxC.<\/strong><\/em><!--more--><\/p>\n<p><img loading=\"lazy\" decoding=\"async\" class=\"size-medium wp-image-4759 alignright\" src=\"https:\/\/www.visionweb.com.ar\/wp-content\/uploads\/2022\/03\/Patricia-Bullrich-300x202.png\" alt=\"\" width=\"300\" height=\"202\" srcset=\"https:\/\/www.visionweb.com.ar\/wp-content\/uploads\/2022\/03\/Patricia-Bullrich-300x202.png 300w, https:\/\/www.visionweb.com.ar\/wp-content\/uploads\/2022\/03\/Patricia-Bullrich-768x517.png 768w, https:\/\/www.visionweb.com.ar\/wp-content\/uploads\/2022\/03\/Patricia-Bullrich.png 800w\" sizes=\"auto, (max-width: 300px) 100vw, 300px\" \/>El corte de boletas en al menos 112 distritos bonaerenses le jugaron en contra a Patricia Bullrich, mientras que en solo 23 municipios encontr\u00f3 el apouyo de los votantes y super\u00f3 el porcentaje que alcanzaron los candidatos a intendentes de Juntos.<\/p>\n<p>El corte de boleta fue clave en la provincia de Buenos Aires y la candidata de jxC lleg\u00f3 a perder en algunos distritos hasta 30 puntos en relaci\u00f3n a los que obtuvieron sus candidatos locales.<\/p>\n<p>Un relevamiento de los sufragios hechos por la agencia DIB, determin\u00f3 que Bullrich resulkt\u00f3 perjudixada por y los porcentajes m\u00e1s fuertes se dieron en el interior.<\/p>\n<p>En Ayacucho y General Madariaga las diferencias a favor de los candidatos locales (los intendentes Emilio Cordonnier y Carlos Santoro, respectivamente) fueron superiores a los 30 puntos.\u00a0Cordonnier alcanz\u00f3 los 67,52% y Santoro los 67,19%.<\/p>\n<p>En estos municipios La Libertad Avanza (LLA) no present\u00f3 candidatos a jefes comunales y los votos de quienes optaron por Juntos a nivel local se terminaron diluyendo en la categor\u00eda a la presidencia con la presencia de Javier Milei como opci\u00f3n. As\u00ed, Bullrich termin\u00f3 consiguiendo 31,80% en Ayacucho y 33,21% en Madariaga.<\/p>\n<p>Esta situaci\u00f3n se repiti\u00f3 en otros partidos del interior bonaerense sin candidato local libertario. En Adolfo Gonzales Chaves, por ejemplo, la candidata de JxC Miriam Luc\u00eda G\u00f3mez alcanz\u00f3 la intendencia con el 55,74% de los votos, pero Bullrich obtuvo s\u00f3lo el 24,81%.<\/p>\n<p>Sin embargo, el corte de boleta para arriba tambi\u00e9n estuvo presente en distritos donde LLA s\u00ed llev\u00f3 postulante a la intendencia y Bullrich perdi\u00f3, incluso en municipios gobernados por jefes comunales de Juntos (algunos de los cuales fueron destronados en estos comicios).<\/p>\n<p>En Capit\u00e1n Sarmiento, a cargo del intendente macrista Javier Iguacel (exministro de Energ\u00eda de la Naci\u00f3n), la candidata cambiemita Fernanda Astorino fue electa con el 53,52% de los sufragios, mientras que Bullrich obtuvo solo el 32,34%. En tanto, el intendente de Jun\u00edn del PRO Pablo Petrecca fue ratificado en su cargo con el 44,18% de los votos. Sin embargo, la candidata a presidenta de Juntos sac\u00f3 en ese distrito unos 15 puntos menos.<\/p>\n<p>La misma situaci\u00f3n se dio en Campana: el jefe comunal Sebasti\u00e1n Abella obtuvo el 57,04% y Bullrich el 30,38%. En este caso la ca\u00edda cambiemita a nivel presidencial coincidi\u00f3 con el incremento de votos Uni\u00f3n por la Patria (UXP) en ese corte (Sergio Massa) en relaci\u00f3n a su postulante comunal.<\/p>\n<p>La lista presidencial e Juntos tambi\u00e9n cay\u00f3 fuertemente en San Miguel en relaci\u00f3n a la local. All\u00ed el intendente Jaime M\u00e9ndez consigui\u00f3 el 47,93% frente a los 31,06% del postulante de UXP, pero en la divisi\u00f3n a presidente qued\u00f3 primero Massa 40,64% y Bullrich segunda (26,59%).<\/p>\n<p>Bullrich tambi\u00e9n sufri\u00f3 el corte de boleta en Coronel Pringles (donde obtuvo 23 puntos menos que la lista local), en Florentino Ameghino (unos 21 puntos menos), en General La Madrid (unos 23 puntos menos), en General Viamonte (unos 19 puntos menos), en Lezama (unos 17 puntos menos), en Lober\u00eda (unos 29 puntos menos), en Monte (unos 20 puntos menos), en Rauch (unos 20 puntos menos) y en Rojas (unos 20 puntos menos), entre otros.<\/p>\n<p>Adem\u00e1s, se vio desfavorecida en otros distritos de Juntos altamente poblados como General Pueyrredon (Mar del Plata), donde sac\u00f3 m\u00e1s de 10 puntos menos que el intente Guillermo Montenegro; Lan\u00fas, 8 puntos menos; y La Plata, 8 puntos menos. En estos dos \u00faltimos municipios los candidatos locales macritas cayeron en la elecci\u00f3n. Vale aclarar que en el caso de la capital bonaerense el resultado municipal es ajustado y deber\u00e1 esperarse al escrutinio definitivo <strong>(VW\/DIB)<\/strong>.<\/p>\n<p>&nbsp;<\/p>\n","protected":false},"excerpt":{"rendered":"<p>En algunos distritos obtuvo 30 puntos menos que los candidatos a intendente de Juntos. El corte se dio incluso en distritos gobernados por intendentes de JxC.<\/p>\n","protected":false},"author":3,"featured_media":4759,"comment_status":"closed","ping_status":"closed","sticky":false,"template":"","format":"standard","meta":{"_monsterinsights_skip_tracking":false,"_monsterinsights_sitenote_active":false,"_monsterinsights_sitenote_note":"","_monsterinsights_sitenote_category":0,"footnotes":""},"categories":[4],"tags":[5122,504,277,148],"class_list":["post-12297","post","type-post","status-publish","format-standard","has-post-thumbnail","hentry","category-politica","tag-boletas","tag-bullrich","tag-cortes","tag-municipios"],"_links":{"self":[{"href":"https:\/\/www.visionweb.com.ar\/index.php?rest_route=\/wp\/v2\/posts\/12297","targetHints":{"allow":["GET"]}}],"collection":[{"href":"https:\/\/www.visionweb.com.ar\/index.php?rest_route=\/wp\/v2\/posts"}],"about":[{"href":"https:\/\/www.visionweb.com.ar\/index.php?rest_route=\/wp\/v2\/types\/post"}],"author":[{"embeddable":true,"href":"https:\/\/www.visionweb.com.ar\/index.php?rest_route=\/wp\/v2\/users\/3"}],"replies":[{"embeddable":true,"href":"https:\/\/www.visionweb.com.ar\/index.php?rest_route=%2Fwp%2Fv2%2Fcomments&post=12297"}],"version-history":[{"count":1,"href":"https:\/\/www.visionweb.com.ar\/index.php?rest_route=\/wp\/v2\/posts\/12297\/revisions"}],"predecessor-version":[{"id":12298,"href":"https:\/\/www.visionweb.com.ar\/index.php?rest_route=\/wp\/v2\/posts\/12297\/revisions\/12298"}],"wp:featuredmedia":[{"embeddable":true,"href":"https:\/\/www.visionweb.com.ar\/index.php?rest_route=\/wp\/v2\/media\/4759"}],"wp:attachment":[{"href":"https:\/\/www.visionweb.com.ar\/index.php?rest_route=%2Fwp%2Fv2%2Fmedia&parent=12297"}],"wp:term":[{"taxonomy":"category","embeddable":true,"href":"https:\/\/www.visionweb.com.ar\/index.php?rest_route=%2Fwp%2Fv2%2Fcategories&post=12297"},{"taxonomy":"post_tag","embeddable":true,"href":"https:\/\/www.visionweb.com.ar\/index.php?rest_route=%2Fwp%2Fv2%2Ftags&post=12297"}],"curies":[{"name":"wp","href":"https:\/\/api.w.org\/{rel}","templated":true}]}}