{"id":12294,"date":"2023-10-24T11:43:09","date_gmt":"2023-10-24T14:43:09","guid":{"rendered":"https:\/\/www.visionweb.com.ar\/?p=12294"},"modified":"2023-10-24T11:43:09","modified_gmt":"2023-10-24T14:43:09","slug":"el-gobierno-anuncio-que-no-se-trasladara-el-feriado-del-20-de-noviembre-por-el-ballotage","status":"publish","type":"post","link":"https:\/\/www.visionweb.com.ar\/?p=12294","title":{"rendered":"El Gobierno anunci\u00f3 que no se trasladar\u00e1 el feriado del 20 de noviembre por el ballotage"},"content":{"rendered":"<p><em>A<strong>nte la posibilidad de cambio del feriado para el d\u00eda 27, la portavoz presidencial sali\u00f3 a aclarar que no se cambia. <\/strong><strong>As\u00ed, el fin de semana de la segunda vuelta ser\u00e1 de tres d\u00edas.<\/strong><\/em><!--more--><\/p>\n<p><strong><img loading=\"lazy\" decoding=\"async\" class=\"size-full wp-image-1288 alignright\" src=\"https:\/\/www.visionweb.com.ar\/wp-content\/uploads\/2021\/03\/Urna-elecciones.bmp\" alt=\"\" width=\"328\" height=\"267\" \/>\u00a0\u00a0\u00a0 E<\/strong>l Gobierno nacional <strong>descart\u00f3 la posibilidad de trasladar el feriado por el D\u00eda de la Soberan\u00eda Nacional<\/strong> del lunes 20 de noviembre, pese a que en el domingo 19 se llevar\u00e1 a cabo el ballotage que dirimir\u00e1 la Presidencia entre el candidato de Uni\u00f3n por la Patria, Sergio Massa y, el de La Libertad Avanza, Javier Milei.<\/p>\n<p>El D\u00eda de la Soberan\u00eda Nacional, que por calendario hace feriado al lunes 20 de noviembre, y frente a la segunda vuelta o ballotage que se realizar\u00e1 el domingo 19, hab\u00eda trascendido que para d<strong>esincentivar el turismo durante ese fin de semana se trasladar\u00eda el feriado al lunes 27, seg\u00fan fuentes del Ministerio del Interior.<\/strong><\/p>\n<p>Sin embargo, ayer lunes por la tarde\u00a0<strong>la vocera presidencial Gabriela Cerruti, neg\u00f3 esa posibilidad:<\/strong> \u00abAnte las versiones que circulan sobre una posible modificaci\u00f3n del feriado previsto para el pr\u00f3ximo 20 de noviembre ante la coincidencia con la segunda vuelta electoral,\u00a0<strong>el gobierno desmiente que eso est\u00e9 siendo evaluado<\/strong>\u00ab, poste\u00f3 en X.<\/p>\n<p>Cabe recordar, que el D\u00eda de la Soberan\u00eda Nacional recuerda la batalla de la Vuelta de Obligado que tuvo lugar el 20 de noviembre de 1845 en un recodo del r\u00edo Paran\u00e1, en el distrito de San Pedro, al norte de la provincia de Buenos Aires. En esa jornada, soldados de la Confederaci\u00f3n Argentina, en inferioridad de condiciones, resistieron la invasi\u00f3n de una armada anglo-francesa.\u00a0<strong>(VW)<\/strong><\/p>\n","protected":false},"excerpt":{"rendered":"<p>Ante la posibilidad de cambio del feriado para el d\u00eda 27, la portavoz presidencial sali\u00f3 a aclarar que no se cambia. As\u00ed, el fin de semana de la segunda vuelta ser\u00e1 de tres d\u00edas.<\/p>\n","protected":false},"author":4,"featured_media":1288,"comment_status":"closed","ping_status":"closed","sticky":false,"template":"","format":"standard","meta":{"_monsterinsights_skip_tracking":false,"_monsterinsights_sitenote_active":false,"_monsterinsights_sitenote_note":"","_monsterinsights_sitenote_category":0,"footnotes":""},"categories":[8,4],"tags":[5119,5120,5121],"class_list":["post-12294","post","type-post","status-publish","format-standard","has-post-thumbnail","hentry","category-interes-general","category-politica","tag-feriado-del-20-de-noviembre","tag-no-se-traslada","tag-vocera-gabriela-cerruti"],"_links":{"self":[{"href":"https:\/\/www.visionweb.com.ar\/index.php?rest_route=\/wp\/v2\/posts\/12294","targetHints":{"allow":["GET"]}}],"collection":[{"href":"https:\/\/www.visionweb.com.ar\/index.php?rest_route=\/wp\/v2\/posts"}],"about":[{"href":"https:\/\/www.visionweb.com.ar\/index.php?rest_route=\/wp\/v2\/types\/post"}],"author":[{"embeddable":true,"href":"https:\/\/www.visionweb.com.ar\/index.php?rest_route=\/wp\/v2\/users\/4"}],"replies":[{"embeddable":true,"href":"https:\/\/www.visionweb.com.ar\/index.php?rest_route=%2Fwp%2Fv2%2Fcomments&post=12294"}],"version-history":[{"count":1,"href":"https:\/\/www.visionweb.com.ar\/index.php?rest_route=\/wp\/v2\/posts\/12294\/revisions"}],"predecessor-version":[{"id":12295,"href":"https:\/\/www.visionweb.com.ar\/index.php?rest_route=\/wp\/v2\/posts\/12294\/revisions\/12295"}],"wp:featuredmedia":[{"embeddable":true,"href":"https:\/\/www.visionweb.com.ar\/index.php?rest_route=\/wp\/v2\/media\/1288"}],"wp:attachment":[{"href":"https:\/\/www.visionweb.com.ar\/index.php?rest_route=%2Fwp%2Fv2%2Fmedia&parent=12294"}],"wp:term":[{"taxonomy":"category","embeddable":true,"href":"https:\/\/www.visionweb.com.ar\/index.php?rest_route=%2Fwp%2Fv2%2Fcategories&post=12294"},{"taxonomy":"post_tag","embeddable":true,"href":"https:\/\/www.visionweb.com.ar\/index.php?rest_route=%2Fwp%2Fv2%2Ftags&post=12294"}],"curies":[{"name":"wp","href":"https:\/\/api.w.org\/{rel}","templated":true}]}}