{"id":12290,"date":"2023-10-24T11:20:35","date_gmt":"2023-10-24T14:20:35","guid":{"rendered":"https:\/\/www.visionweb.com.ar\/?p=12290"},"modified":"2023-10-24T11:20:35","modified_gmt":"2023-10-24T14:20:35","slug":"la-plata-renida-disputa-por-los-votos-entre-alak-y-garro","status":"publish","type":"post","link":"https:\/\/www.visionweb.com.ar\/?p=12290","title":{"rendered":"La Plata: Re\u00f1ida disputa por los votos entre Alak y Garro"},"content":{"rendered":"<p><em><strong>Habr\u00e1 que esperar los resultados del escrutinio definitivo que en la Provincia comienza ma\u00f1ana. Mientras tanto y tras concretarse el empate t\u00e9cnico, Garro y Alak se autoproclaman ganadores.<\/strong><\/em><!--more--><\/p>\n<div id=\"attachment_12291\" style=\"width: 282px\" class=\"wp-caption alignright\"><img loading=\"lazy\" decoding=\"async\" aria-describedby=\"caption-attachment-12291\" class=\"wp-image-12291 size-full\" src=\"https:\/\/www.visionweb.com.ar\/wp-content\/uploads\/2023\/10\/Julio-Alak.png\" alt=\"\" width=\"272\" height=\"236\" \/><p id=\"caption-attachment-12291\" class=\"wp-caption-text\">Julio Alak asegur\u00f3 su \u201cprofunda emoci\u00f3n\u201d por la victoria.<\/p><\/div>\n<p><strong>\u00a0 E<\/strong>n <strong>La Plata<\/strong>, el actual intendente\u00a0<strong>Julio Garro <\/strong>(Juntos por el Cambio),\u00a0y el candidato de Uni\u00f3n por la Patria,\u00a0<strong>Julio Alak, se adjudican la victoria en la capital de la Provincia de Buenos Aires, <\/strong>mientras que para la confirmaci\u00f3n del vencedor\u00a0<strong>habr\u00e1 que esperar el escrutinio definitivo,\u00a0<\/strong>que arranca ma\u00f1ana mi\u00e9rcoles.<\/p>\n<p>En el recuento provisorio de votos con el 97,56% de las mesas escrutadas, el actual ministro de Justicia y Derechos Humanos de la provincia, Julio Alak aparece primero con el 38,33% por sobre el 38,13% del jefe comunal de Juntos por el Cambio, es decir, con una diferencia de 856 votos.<\/p>\n<p>De esta forma, ante el <strong>estrecho margen entre ambos espacios pol\u00edticos<\/strong>, las expectativas ahora est\u00e1n puestas en <strong>las cifras que arroje el escrutinio definitivo<\/strong>, que comenzar\u00e1 a realizarse este mi\u00e9rcoles a partir de las 8.<\/p>\n<p><strong>Julio Alak<\/strong> manifest\u00f3 ayer a Radio Provincia su <strong>\u201cprofunda emoci\u00f3n\u201d por la victoria<\/strong> que asegura haber logrado y manifest\u00f3 estar \u201cmuy feliz\u201d porque el espacio obtuvo los tres senadores provinciales que se pusieron en juego en la octava secci\u00f3n electoral.<\/p>\n<p>Adem\u00e1s, Alak denunci\u00f3 que el oficialismo desarroll\u00f3 \u201cuna campa\u00f1a de desprestigio\u201d y sostuvo que, pese a eso, desde UxP se pudo \u201crevertir la elecci\u00f3n sin reaccionar, con paciencia, con trabajo y con tolerancia\u201d.<\/p>\n<p>Adem\u00e1s, asegur\u00f3 que, seg\u00fan el centro de c\u00f3mputos de UxP en el distrito, <strong>el peronismo est\u00e1 \u201c1.800 votos arriba\u201d de Juntos por el Cambio<\/strong>.<\/p>\n<div id=\"attachment_12292\" style=\"width: 252px\" class=\"wp-caption alignleft\"><img loading=\"lazy\" decoding=\"async\" aria-describedby=\"caption-attachment-12292\" class=\"wp-image-12292 size-medium\" src=\"https:\/\/www.visionweb.com.ar\/wp-content\/uploads\/2023\/10\/julio-Garro-242x300.png\" alt=\"\" width=\"242\" height=\"300\" srcset=\"https:\/\/www.visionweb.com.ar\/wp-content\/uploads\/2023\/10\/julio-Garro-242x300.png 242w, https:\/\/www.visionweb.com.ar\/wp-content\/uploads\/2023\/10\/julio-Garro.png 331w\" sizes=\"auto, (max-width: 242px) 100vw, 242px\" \/><p id=\"caption-attachment-12292\" class=\"wp-caption-text\">Julio Garro: \u00abEstamos arriba por m\u00e1s de 1.400 votos\u201d. Fotos de internet<\/p><\/div>\n<p>&nbsp;<\/p>\n<p>Por su parte, <strong>Julio Garro<\/strong> asegur\u00f3, en un mensaje compartido en las redes que la <strong>victoria favorecer\u00eda a JxC<\/strong>.<\/p>\n<p>\u201cEstamos en una elecci\u00f3n que marca 856 votos de diferencia, pero todav\u00eda faltan cargar 44 urnas, que representan a m\u00e1s de 12 mil personas que fueron a votar\u201d.<\/p>\n<p>En ese sentido, en declaraciones a la prensa ratific\u00f3 que \u201cen el escrutinio que nosotros hacemos,<strong> estamos arriba por m\u00e1s de 1.400 votos\u201d<\/strong> y asegur\u00f3: \u201cQue no les quede ninguna duda que el mi\u00e9rcoles esta elecci\u00f3n la vamos a ganar\u201d.<\/p>\n<p>El escrutinio definitivo se llevar\u00e1 adelante en el Pasaje Dardo Rocha, donde los apoderados de los distintos partidos podr\u00edan solicitar la apertura de urnas para confirmar resultados. <strong>(VW)<\/strong><\/p>\n<p>&nbsp;<\/p>\n","protected":false},"excerpt":{"rendered":"<p>Habr\u00e1 que esperar los resultados del escrutinio definitivo que en la Provincia comienza ma\u00f1ana. Mientras tanto y tras concretarse el empate t\u00e9cnico, Garro y Alak se autoproclaman ganadores.<\/p>\n","protected":false},"author":4,"featured_media":12292,"comment_status":"closed","ping_status":"closed","sticky":false,"template":"","format":"standard","meta":{"_monsterinsights_skip_tracking":false,"_monsterinsights_sitenote_active":false,"_monsterinsights_sitenote_note":"","_monsterinsights_sitenote_category":0,"footnotes":""},"categories":[4],"tags":[5116,5118,5117,95],"class_list":["post-12290","post","type-post","status-publish","format-standard","has-post-thumbnail","hentry","category-politica","tag-disputa-por-los-votos","tag-julio-alak","tag-julio-garro","tag-la-plata"],"_links":{"self":[{"href":"https:\/\/www.visionweb.com.ar\/index.php?rest_route=\/wp\/v2\/posts\/12290","targetHints":{"allow":["GET"]}}],"collection":[{"href":"https:\/\/www.visionweb.com.ar\/index.php?rest_route=\/wp\/v2\/posts"}],"about":[{"href":"https:\/\/www.visionweb.com.ar\/index.php?rest_route=\/wp\/v2\/types\/post"}],"author":[{"embeddable":true,"href":"https:\/\/www.visionweb.com.ar\/index.php?rest_route=\/wp\/v2\/users\/4"}],"replies":[{"embeddable":true,"href":"https:\/\/www.visionweb.com.ar\/index.php?rest_route=%2Fwp%2Fv2%2Fcomments&post=12290"}],"version-history":[{"count":1,"href":"https:\/\/www.visionweb.com.ar\/index.php?rest_route=\/wp\/v2\/posts\/12290\/revisions"}],"predecessor-version":[{"id":12293,"href":"https:\/\/www.visionweb.com.ar\/index.php?rest_route=\/wp\/v2\/posts\/12290\/revisions\/12293"}],"wp:featuredmedia":[{"embeddable":true,"href":"https:\/\/www.visionweb.com.ar\/index.php?rest_route=\/wp\/v2\/media\/12292"}],"wp:attachment":[{"href":"https:\/\/www.visionweb.com.ar\/index.php?rest_route=%2Fwp%2Fv2%2Fmedia&parent=12290"}],"wp:term":[{"taxonomy":"category","embeddable":true,"href":"https:\/\/www.visionweb.com.ar\/index.php?rest_route=%2Fwp%2Fv2%2Fcategories&post=12290"},{"taxonomy":"post_tag","embeddable":true,"href":"https:\/\/www.visionweb.com.ar\/index.php?rest_route=%2Fwp%2Fv2%2Ftags&post=12290"}],"curies":[{"name":"wp","href":"https:\/\/api.w.org\/{rel}","templated":true}]}}