{"id":12287,"date":"2023-10-24T10:05:10","date_gmt":"2023-10-24T13:05:10","guid":{"rendered":"https:\/\/www.visionweb.com.ar\/?p=12287"},"modified":"2023-10-25T07:51:23","modified_gmt":"2023-10-25T10:51:23","slug":"la-nueva-legislatura-bonaerense-luego-de-las-elecciones","status":"publish","type":"post","link":"https:\/\/www.visionweb.com.ar\/?p=12287","title":{"rendered":"La nueva Legislatura bonaerense luego de las elecciones"},"content":{"rendered":"<p><em><strong>Uni\u00f3n por la Patria tendr\u00e1 m\u00e1s legisladores, en diputados sum\u00f3 18 bancas, Juntos por el Cambio sum\u00f3 15 y La Libertad Avanza (LLA) 13. Tendr\u00e1 el bloque mayoritario en el Senado.<\/strong><\/em><!--more--><\/p>\n<p><strong><img loading=\"lazy\" decoding=\"async\" class=\"size-medium wp-image-12288 alignright\" src=\"https:\/\/www.visionweb.com.ar\/wp-content\/uploads\/2023\/10\/legislatura-bonaerense-300x235.png\" alt=\"\" width=\"300\" height=\"235\" srcset=\"https:\/\/www.visionweb.com.ar\/wp-content\/uploads\/2023\/10\/legislatura-bonaerense-300x235.png 300w, https:\/\/www.visionweb.com.ar\/wp-content\/uploads\/2023\/10\/legislatura-bonaerense.png 543w\" sizes=\"auto, (max-width: 300px) 100vw, 300px\" \/>\u00a0\u00a0 T<\/strong>ras las elecciones generales, y\u00a0con el triunfo de\u00a0<strong>Uni\u00f3n por la Patria<\/strong>\u00a0en siete de las ocho secciones electorales, se confirmaron qui\u00e9nes ocupar\u00e1n las nuevas bancas de la <strong>Legislatura bonaerense<\/strong>, en la que estaban en juego nueve lugares.<\/p>\n<p>En <strong>Diputados<\/strong> se renovaron 46 esca\u00f1os sobre un total de 92, el frente oficialista sum\u00f3 18 legisladores, Juntos por el Cambio sum\u00f3 15 y La Libertad Avanza (LLA) 13, de acuerdo al escrutinio provisorio.<\/p>\n<p>Mientras que en la\u00a0<strong>C\u00e1mara alta<\/strong>, donde se renovaron 23 de las 46 bancas, Uni\u00f3n por la Patria obtuvo 11 esca\u00f1os, mientras que<strong>\u00a0<\/strong>Juntos por el Cambio\u00a07, y la ultraderecha 5.<\/p>\n<ul>\n<li><strong>Uni\u00f3n por la Patria:<\/strong>\u00a0sum\u00f3 18 diputados y 11 senadores &#8211; En total tendr\u00e1 37 bancas en Diputados y 21 en el Senado<\/li>\n<li><strong>Juntos por el Cambio:<\/strong>\u00a0sum\u00f3 15 diputados y 7 senadores &#8211; En total tendr\u00e1 37 bancas en Diputados y 20 en el Senado<\/li>\n<li><strong>La Libertad Avanza:<\/strong>\u00a0sum\u00f3 13 diputados y 5 senadores &#8211; En total tendr\u00e1 16 diputados (al momento 3 divididos en monobloques) y 5 en el Senado<\/li>\n<li><strong>PTS- FITU<\/strong>: 1 banca en Diputados<\/li>\n<li><strong>Frente de Izquierda y de los trabajadores<\/strong>: 1 banca en Diputados<\/li>\n<\/ul>\n<p><strong>Las bancas en diputados:<\/strong><\/p>\n<p><strong>En la Primera secci\u00f3n<\/strong>, se impuso Uni\u00f3n por la Patria, por lo que se alz\u00f3 con siete esca\u00f1os; al tiempo que Juntos por el Cambio y los libertarios se quedaron con 4 para cada uno.<\/p>\n<p>En la\u00a0<strong>Cuarta<\/strong>, Uni\u00f3n por la Patria se queda con cinco sillas azules, igual que Juntos por el Cambio y las restantes cuatro para La Libertad Avanza.<\/p>\n<p>En la\u00a0<strong>Quinta secci\u00f3n<\/strong>, tambi\u00e9n se impuso Uni\u00f3n por la Patria y el reparto de bancas es empatado en cuatro con Juntos por el Cambio, y tres para el sector libertario.<\/p>\n<p>Finalmente, por la\u00a0<strong>S\u00e9ptima<\/strong>, Uni\u00f3n por la Patria logr\u00f3 sumar una banca y as\u00ed las tres fuerzas pol\u00edticas se repartir\u00e1n dos esca\u00f1os para cada uno.<\/p>\n<p><strong>Las bancas en el Senado:<\/strong><\/p>\n<p>En el\u00a0<strong>Senado\u00a0<\/strong>ya no existir\u00e1 la paridad de 23 a 23 entre Uni\u00f3n por la Patria y Juntos por el Cambio y habr\u00e1 que ver c\u00f3mo se comportan los libertarios, que lograron sumar un bloque nuevo a la C\u00e1mara alta.<\/p>\n<p>En la\u00a0<strong>Segunda secci\u00f3n<\/strong>\u00a0se impuso Uni\u00f3n por la Patria con el ministro Sergio Berni a la cabeza y se lleva dos de las cinco bancas en danza. Las otras dos son para Juntos por el Cambio y la restante, para los libertarios.<\/p>\n<p>El triunfo en <strong>Tercera secci\u00f3n<\/strong>\u00a0fue para Uni\u00f3n por la Patria, que se queda con cinco de las nueve sillas en juego. Aqu\u00ed, la segunda fuerza fue La Libertad Avanza, que con Juntos por el Cambio, se llevan dos esca\u00f1os cada uno.<\/p>\n<p>En tanto, en la\u00a0<strong>Sexta secci\u00f3n<\/strong>, la \u00fanica en la que gan\u00f3 Juntos por el Cambio, el reparto de las seis bancas ser\u00e1 equitativo, con dos para cada uno de los tres espacios mayoritarios.<\/p>\n<p>En la<strong>\u00a0Octava secci\u00f3n<\/strong>, compuesta \u00fanicamente por el distrito de La Plata, Uni\u00f3n por la Patria logr\u00f3 dar vuelta el resultado de las PASO y se qued\u00f3 con dos sillas, mientras que Juntos por el Cambio se alz\u00f3 con la restante. <strong>(VW)<\/strong><\/p>\n","protected":false},"excerpt":{"rendered":"<p>Uni\u00f3n por la Patria tendr\u00e1 m\u00e1s legisladores, en diputados sum\u00f3 18 bancas, Juntos por el Cambio sum\u00f3 15 y La Libertad Avanza (LLA) 13. Tendr\u00e1 el bloque mayoritario en el Senado.<\/p>\n","protected":false},"author":4,"featured_media":12288,"comment_status":"closed","ping_status":"closed","sticky":false,"template":"","format":"standard","meta":{"_monsterinsights_skip_tracking":false,"_monsterinsights_sitenote_active":false,"_monsterinsights_sitenote_note":"","_monsterinsights_sitenote_category":0,"footnotes":""},"categories":[4],"tags":[340,2240,751],"class_list":["post-12287","post","type-post","status-publish","format-standard","has-post-thumbnail","hentry","category-politica","tag-elecciones","tag-legislatura-bonaerense","tag-provincia-de-buenos-aires"],"_links":{"self":[{"href":"https:\/\/www.visionweb.com.ar\/index.php?rest_route=\/wp\/v2\/posts\/12287","targetHints":{"allow":["GET"]}}],"collection":[{"href":"https:\/\/www.visionweb.com.ar\/index.php?rest_route=\/wp\/v2\/posts"}],"about":[{"href":"https:\/\/www.visionweb.com.ar\/index.php?rest_route=\/wp\/v2\/types\/post"}],"author":[{"embeddable":true,"href":"https:\/\/www.visionweb.com.ar\/index.php?rest_route=\/wp\/v2\/users\/4"}],"replies":[{"embeddable":true,"href":"https:\/\/www.visionweb.com.ar\/index.php?rest_route=%2Fwp%2Fv2%2Fcomments&post=12287"}],"version-history":[{"count":2,"href":"https:\/\/www.visionweb.com.ar\/index.php?rest_route=\/wp\/v2\/posts\/12287\/revisions"}],"predecessor-version":[{"id":12299,"href":"https:\/\/www.visionweb.com.ar\/index.php?rest_route=\/wp\/v2\/posts\/12287\/revisions\/12299"}],"wp:featuredmedia":[{"embeddable":true,"href":"https:\/\/www.visionweb.com.ar\/index.php?rest_route=\/wp\/v2\/media\/12288"}],"wp:attachment":[{"href":"https:\/\/www.visionweb.com.ar\/index.php?rest_route=%2Fwp%2Fv2%2Fmedia&parent=12287"}],"wp:term":[{"taxonomy":"category","embeddable":true,"href":"https:\/\/www.visionweb.com.ar\/index.php?rest_route=%2Fwp%2Fv2%2Fcategories&post=12287"},{"taxonomy":"post_tag","embeddable":true,"href":"https:\/\/www.visionweb.com.ar\/index.php?rest_route=%2Fwp%2Fv2%2Ftags&post=12287"}],"curies":[{"name":"wp","href":"https:\/\/api.w.org\/{rel}","templated":true}]}}