{"id":12274,"date":"2023-10-23T15:08:42","date_gmt":"2023-10-23T18:08:42","guid":{"rendered":"https:\/\/www.visionweb.com.ar\/?p=12274"},"modified":"2023-10-23T15:09:41","modified_gmt":"2023-10-23T18:09:41","slug":"el-martes-comienza-el-escrutinio-definitivo","status":"publish","type":"post","link":"https:\/\/www.visionweb.com.ar\/?p=12274","title":{"rendered":"El martes comienza el escrutinio definitivo"},"content":{"rendered":"<p><em><strong>El escrutinio definitivo se basa en las actas labradas en cada mesa de votaci\u00f3n y se dispone la apertura de urnas para \u201ccasos testigo\u201d.<\/strong><\/em><!--more--><\/p>\n<p><strong><img loading=\"lazy\" decoding=\"async\" class=\"size-medium wp-image-1115 alignleft\" src=\"https:\/\/www.visionweb.com.ar\/wp-content\/uploads\/2021\/03\/URNAS-300x155.png\" alt=\"\" width=\"300\" height=\"155\" srcset=\"https:\/\/www.visionweb.com.ar\/wp-content\/uploads\/2021\/03\/URNAS-300x155.png 300w, https:\/\/www.visionweb.com.ar\/wp-content\/uploads\/2021\/03\/URNAS.png 640w\" sizes=\"auto, (max-width: 300px) 100vw, 300px\" \/>El escrutinio definitivo a cargo de la\u00a0<a href=\"https:\/\/twitter.com\/CamaraElectoral\">C\u00e1mara Nacional Electoral<\/a>, \u00fanico con validez legal, comenzar\u00e1 el martes a las 18<\/strong>, aunque depender\u00e1 de cada distrito si se inicia en ese momento o a primera hora de este mi\u00e9rcoles.<\/p>\n<p>Las urnas ser\u00e1n trasladadas y custodiadas en el lugar designado por cada juzgado federal con competencia electoral del pa\u00eds, explicaron fuentes judiciales.<\/p>\n<p><strong>El escrutinio definitivo se basa en las actas labradas en cada mesa de votaci\u00f3n y se dispone apertura de urnas para \u201ccasos testigo\u201d, consign\u00f3 La C\u00e1mara Nacional electoral.<\/strong><\/p>\n<p><strong>Es el que tiene validez legal y, una vez finalizado, la Justicia oficializar\u00e1 a los candidatos que competir\u00e1n en el balotaje<a href=\"https:\/\/www.inforegion.com.ar\/2023\/10\/22\/elecciones-2023-habra-balotaje-entre-sergio-massa-y-javier-milei\/\">\u00a0<\/a>del 19 de noviembre<\/strong> y que, seg\u00fan los resultados del escrutinio provisorio, ser\u00e1n Sergio Massa y Javier Milei<\/p>\n<p>.Tambi\u00e9n vencer\u00e1 este martes el plazo para efectuar reclamos y protestas sobre vicios en la Constituci\u00f3n y funcionamiento de las mesas y sobre la elecci\u00f3n de ayer.<\/p>\n<p>El 3 de noviembre es el final del plazo para realizar el escrutinio definitivo y comunicar los resultados en la categor\u00eda presidencial y, luego, ser\u00e1 el momento del\u00a0<strong>debate obligatorio entre los dos candidatos<\/strong> previsto para el 12 de ese mes en la Facultad de Derecho de la Universidad de Buenos Aires<strong>(VW)<\/strong>.<\/p>\n<p>&nbsp;<\/p>\n<p>&nbsp;<\/p>\n","protected":false},"excerpt":{"rendered":"<p>El escrutinio definitivo se basa en las actas labradas en cada mesa de votaci\u00f3n y se dispone la apertura de urnas para \u201ccasos testigo\u201d.<\/p>\n","protected":false},"author":3,"featured_media":1115,"comment_status":"closed","ping_status":"closed","sticky":false,"template":"","format":"standard","meta":{"_monsterinsights_skip_tracking":false,"_monsterinsights_sitenote_active":false,"_monsterinsights_sitenote_note":"","_monsterinsights_sitenote_category":0,"footnotes":""},"categories":[4,1],"tags":[5107,5111,5110],"class_list":["post-12274","post","type-post","status-publish","format-standard","has-post-thumbnail","hentry","category-politica","category-uncategorized","tag-balotaje","tag-definitivo","tag-recuento"],"_links":{"self":[{"href":"https:\/\/www.visionweb.com.ar\/index.php?rest_route=\/wp\/v2\/posts\/12274","targetHints":{"allow":["GET"]}}],"collection":[{"href":"https:\/\/www.visionweb.com.ar\/index.php?rest_route=\/wp\/v2\/posts"}],"about":[{"href":"https:\/\/www.visionweb.com.ar\/index.php?rest_route=\/wp\/v2\/types\/post"}],"author":[{"embeddable":true,"href":"https:\/\/www.visionweb.com.ar\/index.php?rest_route=\/wp\/v2\/users\/3"}],"replies":[{"embeddable":true,"href":"https:\/\/www.visionweb.com.ar\/index.php?rest_route=%2Fwp%2Fv2%2Fcomments&post=12274"}],"version-history":[{"count":2,"href":"https:\/\/www.visionweb.com.ar\/index.php?rest_route=\/wp\/v2\/posts\/12274\/revisions"}],"predecessor-version":[{"id":12276,"href":"https:\/\/www.visionweb.com.ar\/index.php?rest_route=\/wp\/v2\/posts\/12274\/revisions\/12276"}],"wp:featuredmedia":[{"embeddable":true,"href":"https:\/\/www.visionweb.com.ar\/index.php?rest_route=\/wp\/v2\/media\/1115"}],"wp:attachment":[{"href":"https:\/\/www.visionweb.com.ar\/index.php?rest_route=%2Fwp%2Fv2%2Fmedia&parent=12274"}],"wp:term":[{"taxonomy":"category","embeddable":true,"href":"https:\/\/www.visionweb.com.ar\/index.php?rest_route=%2Fwp%2Fv2%2Fcategories&post=12274"},{"taxonomy":"post_tag","embeddable":true,"href":"https:\/\/www.visionweb.com.ar\/index.php?rest_route=%2Fwp%2Fv2%2Ftags&post=12274"}],"curies":[{"name":"wp","href":"https:\/\/api.w.org\/{rel}","templated":true}]}}