{"id":12270,"date":"2023-10-23T14:39:49","date_gmt":"2023-10-23T17:39:49","guid":{"rendered":"https:\/\/www.visionweb.com.ar\/?p=12270"},"modified":"2023-10-23T14:54:08","modified_gmt":"2023-10-23T17:54:08","slug":"ypf-aumento-sus-combustibles-en-forma-sorpresiva-entre-3-y-5-por-ciento","status":"publish","type":"post","link":"https:\/\/www.visionweb.com.ar\/?p=12270","title":{"rendered":"YPF aument\u00f3 sus combustibles en forma sorpresiva entre 3 y 5 por ciento"},"content":{"rendered":"<p><em><strong>Luego de las elecciones presidenciales de ayer, YPF reacomod\u00f3 sus precios. Hab\u00eda un acuerdo de congelamiento de precios hasta el 31 de octubre.<\/strong><\/em><!--more--><\/p>\n<p><strong><img loading=\"lazy\" decoding=\"async\" class=\"size-medium wp-image-9157 alignright\" src=\"https:\/\/www.visionweb.com.ar\/wp-content\/uploads\/2023\/01\/surtidores-ypf-282x300.jpg\" alt=\"\" width=\"282\" height=\"300\" srcset=\"https:\/\/www.visionweb.com.ar\/wp-content\/uploads\/2023\/01\/surtidores-ypf-282x300.jpg 282w, https:\/\/www.visionweb.com.ar\/wp-content\/uploads\/2023\/01\/surtidores-ypf.bmp 366w\" sizes=\"auto, (max-width: 282px) 100vw, 282px\" \/>\u00a0\u00a0\u00a0\u00a0 L<\/strong>a gasolinera<strong> YPF realiz\u00f3 hoy un aumento sorpresivo de entre un 3% a un 5 % en sus combustibles, <\/strong>lo que lleva el costo de la nafta\u00a0<strong>s\u00faper a $287 por litro<\/strong>, a pesar del acuerdo de congelamiento de precios que finaliza el pr\u00f3ximo 31 de este mes.<\/p>\n<p>Con este nuevo ajuste de precios practicado este lunes, las naftas y el gasoil que vende YPF\u00a0<strong>subieron en promedio unos $10<\/strong>.<\/p>\n<p>De esta manera, el litro de s\u00faper de esa marca pas\u00f3 a costar -en el \u00c1rea metropolitana de Buenos Aires- $287; el de Infinia (nafta premium) $367; Gasoil Di\u00e9sel 500 $307 y el Di\u00e9sel Infinia $399.<\/p>\n<p>Fuentes de la <strong>Confederaci\u00f3n de Entidades del Comercio de Hidrocarburos y Afines (CECHA)<\/strong> confirmaron la subida de precios cuando fueron consultadas por la agencia Noticias Argentinas,<strong> hasta el momento la decisi\u00f3n no fue informada de manera oficial por la empresa.<\/strong><\/p>\n<p>Mientras, en contraste, representantes de otras compa\u00f1\u00edas petroleras como Axion aseguraron que no han realizado ajustes en sus tarifas.<\/p>\n<p>El acuerdo de congelamiento de precios vigente hasta el 31 de octubre:<\/p>\n<p>El acuerdo para congelar el precio de los combustibles se anunci\u00f3 pocos d\u00edas despu\u00e9s de las elecciones PASO, a mediados de agosto.<\/p>\n<p>En ese momento, el Gobierno y la industria petrolera acordaron un aumento del 12,5% para aplicar en agosto, y luego congelar los valores hasta el \u00faltimo d\u00eda de octubre.<\/p>\n<p>\u201c<strong>Este ajuste ser\u00e1 el \u00faltimo hasta el 31 de octubre, con lo cual el congelamiento de precios se iguala con el congelamiento que tendr\u00e1 el tipo de cambio hasta esa fecha, que quedar\u00e1 fijo en $350\u2033<\/strong>, dijo en esa oportunidad el ministro de Econom\u00eda, Sergio Massa. <strong>(VW)<\/strong><\/p>\n<p>&nbsp;<\/p>\n","protected":false},"excerpt":{"rendered":"<p>Luego de las elecciones presidenciales de ayer, YPF reacomod\u00f3 sus precios. Hab\u00eda un acuerdo de congelamiento de precios hasta el 31 de octubre.<\/p>\n","protected":false},"author":4,"featured_media":9157,"comment_status":"closed","ping_status":"closed","sticky":false,"template":"","format":"standard","meta":{"_monsterinsights_skip_tracking":false,"_monsterinsights_sitenote_active":false,"_monsterinsights_sitenote_note":"","_monsterinsights_sitenote_category":0,"footnotes":""},"categories":[6],"tags":[4429,5109,869,293],"class_list":["post-12270","post","type-post","status-publish","format-standard","has-post-thumbnail","hentry","category-economia","tag-aumento-de-naftas","tag-despues-de-las-elecciones","tag-massa","tag-ypf"],"_links":{"self":[{"href":"https:\/\/www.visionweb.com.ar\/index.php?rest_route=\/wp\/v2\/posts\/12270","targetHints":{"allow":["GET"]}}],"collection":[{"href":"https:\/\/www.visionweb.com.ar\/index.php?rest_route=\/wp\/v2\/posts"}],"about":[{"href":"https:\/\/www.visionweb.com.ar\/index.php?rest_route=\/wp\/v2\/types\/post"}],"author":[{"embeddable":true,"href":"https:\/\/www.visionweb.com.ar\/index.php?rest_route=\/wp\/v2\/users\/4"}],"replies":[{"embeddable":true,"href":"https:\/\/www.visionweb.com.ar\/index.php?rest_route=%2Fwp%2Fv2%2Fcomments&post=12270"}],"version-history":[{"count":3,"href":"https:\/\/www.visionweb.com.ar\/index.php?rest_route=\/wp\/v2\/posts\/12270\/revisions"}],"predecessor-version":[{"id":12273,"href":"https:\/\/www.visionweb.com.ar\/index.php?rest_route=\/wp\/v2\/posts\/12270\/revisions\/12273"}],"wp:featuredmedia":[{"embeddable":true,"href":"https:\/\/www.visionweb.com.ar\/index.php?rest_route=\/wp\/v2\/media\/9157"}],"wp:attachment":[{"href":"https:\/\/www.visionweb.com.ar\/index.php?rest_route=%2Fwp%2Fv2%2Fmedia&parent=12270"}],"wp:term":[{"taxonomy":"category","embeddable":true,"href":"https:\/\/www.visionweb.com.ar\/index.php?rest_route=%2Fwp%2Fv2%2Fcategories&post=12270"},{"taxonomy":"post_tag","embeddable":true,"href":"https:\/\/www.visionweb.com.ar\/index.php?rest_route=%2Fwp%2Fv2%2Ftags&post=12270"}],"curies":[{"name":"wp","href":"https:\/\/api.w.org\/{rel}","templated":true}]}}