{"id":12247,"date":"2023-10-20T10:38:18","date_gmt":"2023-10-20T13:38:18","guid":{"rendered":"https:\/\/www.visionweb.com.ar\/?p=12247"},"modified":"2023-10-20T10:38:18","modified_gmt":"2023-10-20T13:38:18","slug":"comenzo-esta-manana-la-veda-electoral","status":"publish","type":"post","link":"https:\/\/www.visionweb.com.ar\/?p=12247","title":{"rendered":"Comenz\u00f3 esta ma\u00f1ana la veda electoral"},"content":{"rendered":"<p><em><strong>El pr\u00f3ximo domingo 22 de octubre en Argentina se elige al pr\u00f3ximo presidente, adem\u00e1s de otras autoridades nacionales, y de acuerdo a la ley ya no se pueden realizar actos p\u00fablicos, proselitismo, publicar y difundir encuestas y sondeos preelectorales.<\/strong><\/em><br \/>\n<!--more--><\/p>\n<p><strong><img loading=\"lazy\" decoding=\"async\" class=\"size-full wp-image-10633 alignright\" src=\"https:\/\/www.visionweb.com.ar\/wp-content\/uploads\/2023\/05\/elecciones.png\" alt=\"\" width=\"240\" height=\"135\" \/>\u00a0 E<\/strong>l C\u00f3digo Electoral en su art\u00edculo 71, estipula que la veda electoral \u00abdebe comenzar a regir 48 horas antes de la apertura de los comicios para finalizar 3 horas despu\u00e9s de terminar la jornada electoral\u00bb, por lo cual desde las 8 am de este viernes ya rige la restricci\u00f3n.<\/p>\n<p>\u00abQui\u00e9nes no cumplan con la veda se ven expuestos a posibles denuncias o sanciones, siempre y cuando se compruebe la violaci\u00f3n del C\u00f3digo Electoral\u00bb, indica la norma. (ver nota: <a href=\"https:\/\/www.visionweb.com.ar\/?p=12195\">https:\/\/www.visionweb.com.ar\/?p=12195<\/a>)<\/p>\n<p><strong>Qu\u00e9 se vota el domingo<\/strong>: La titularidad del\u00a0<strong>Poder Ejecutivo (presidente de la naci\u00f3n),<\/strong>\u00a0y tambi\u00e9n buena parte de la composici\u00f3n del\u00a0<strong>Poder Legislativo Nacional<\/strong>.<\/p>\n<p>En el Congreso se renuevan 130 bancas de\u00a0<strong>Diputados<\/strong>\u00a0y un tercio del\u00a0<strong>Senado<\/strong>, es decir, 24 miembros.<\/p>\n<p>Mientras que las provincias que votan a sus representantes en 2023 son: Jujuy, La Rioja, San Luis, Buenos Aires, Formosa, Misiones, San Juan y Santa Cruz.<\/p>\n<p>Asimismo, algunas provincias y la\u00a0<strong>Ciudad Aut\u00f3noma de Buenos Aires<\/strong>\u00a0realizan sus elecciones locales para gobernador, parlamentarios locales y autoridades municipales en paralelo con\u00a0<strong>los comicios nacionales<\/strong>. Adem\u00e1s de la capital nacional, los distritos que realizan sus votaciones el 22 de octubre son:\u00a0<strong>Santa Cruz, Entre R\u00edos<\/strong>, la provincia de\u00a0<strong>Buenos Aires<\/strong>\u00a0y\u00a0<strong>Catamarca<\/strong>.<\/p>\n<p>A la vez tambi\u00e9n se define la\u00a0<strong>composici\u00f3n del Parlasur<\/strong>, que es el Parlamento del Mercosur. En esta ocasi\u00f3n, la Argentina elige a 19 representantes en una\u00a0<strong>lista\u00a0<\/strong><strong>nacional<\/strong> cuyos votos se suman como un distrito \u00fanico, y otros 24 en el nivel regional por cada una de las provincias y la ciudad de Buenos Aires.<\/p>\n<p>Seg\u00fan los art\u00edculos 97 y 98 de la\u00a0<strong>Constituci\u00f3n Nacional<\/strong>, para que un\u00a0<strong>candidato\u00a0<\/strong>se imponga en primera vuelta debe sumar el 45 por ciento de los votos totales u obtener al menos el 40 por ciento, y superar al contrincante m\u00e1s cercano por m\u00e1s de 10 puntos porcentuales de diferencia.\u00a0Si no existe este escenario habr\u00e1 ballotage el 19 de noviembre. <strong>(VW)<\/strong><\/p>\n","protected":false},"excerpt":{"rendered":"<p>El pr\u00f3ximo domingo 22 de octubre en Argentina se elige al pr\u00f3ximo presidente, adem\u00e1s de otras autoridades nacionales, y de acuerdo a la ley ya no se pueden realizar actos p\u00fablicos, proselitismo, publicar y&#46;&#46;&#46;<\/p>\n","protected":false},"author":4,"featured_media":10633,"comment_status":"closed","ping_status":"closed","sticky":false,"template":"","format":"standard","meta":{"_monsterinsights_skip_tracking":false,"_monsterinsights_sitenote_active":false,"_monsterinsights_sitenote_note":"","_monsterinsights_sitenote_category":0,"footnotes":""},"categories":[8],"tags":[5099,4748],"class_list":["post-12247","post","type-post","status-publish","format-standard","has-post-thumbnail","hentry","category-interes-general","tag-elecciones-generales","tag-veda-electoral"],"_links":{"self":[{"href":"https:\/\/www.visionweb.com.ar\/index.php?rest_route=\/wp\/v2\/posts\/12247","targetHints":{"allow":["GET"]}}],"collection":[{"href":"https:\/\/www.visionweb.com.ar\/index.php?rest_route=\/wp\/v2\/posts"}],"about":[{"href":"https:\/\/www.visionweb.com.ar\/index.php?rest_route=\/wp\/v2\/types\/post"}],"author":[{"embeddable":true,"href":"https:\/\/www.visionweb.com.ar\/index.php?rest_route=\/wp\/v2\/users\/4"}],"replies":[{"embeddable":true,"href":"https:\/\/www.visionweb.com.ar\/index.php?rest_route=%2Fwp%2Fv2%2Fcomments&post=12247"}],"version-history":[{"count":1,"href":"https:\/\/www.visionweb.com.ar\/index.php?rest_route=\/wp\/v2\/posts\/12247\/revisions"}],"predecessor-version":[{"id":12248,"href":"https:\/\/www.visionweb.com.ar\/index.php?rest_route=\/wp\/v2\/posts\/12247\/revisions\/12248"}],"wp:featuredmedia":[{"embeddable":true,"href":"https:\/\/www.visionweb.com.ar\/index.php?rest_route=\/wp\/v2\/media\/10633"}],"wp:attachment":[{"href":"https:\/\/www.visionweb.com.ar\/index.php?rest_route=%2Fwp%2Fv2%2Fmedia&parent=12247"}],"wp:term":[{"taxonomy":"category","embeddable":true,"href":"https:\/\/www.visionweb.com.ar\/index.php?rest_route=%2Fwp%2Fv2%2Fcategories&post=12247"},{"taxonomy":"post_tag","embeddable":true,"href":"https:\/\/www.visionweb.com.ar\/index.php?rest_route=%2Fwp%2Fv2%2Ftags&post=12247"}],"curies":[{"name":"wp","href":"https:\/\/api.w.org\/{rel}","templated":true}]}}