{"id":12243,"date":"2023-10-19T22:34:16","date_gmt":"2023-10-20T01:34:16","guid":{"rendered":"https:\/\/www.visionweb.com.ar\/?p=12243"},"modified":"2023-10-19T22:34:16","modified_gmt":"2023-10-20T01:34:16","slug":"patricia-bullrich-cerro-su-campana-en-lomas-de-zamora","status":"publish","type":"post","link":"https:\/\/www.visionweb.com.ar\/?p=12243","title":{"rendered":"Patricia Bullrich cerr\u00f3 su campa\u00f1a en Lomas de Zamora"},"content":{"rendered":"<p><em><strong>Fue en el municipio bonaerense de Mart\u00edn Insaurralde. La acompa\u00f1aron Mauricio Macri, Rodr\u00edguez Larreta, Esteban Bullrich y Carlos Melconian, entre otros presentes. \u201cQuiero dar la tranquilidad a todos los ciudadanos que sabemos c\u00f3mo salir de esta situaci\u00f3n\u201d, dijo Bullrich.<\/strong><\/em><!--more--><\/p>\n<p><strong><img loading=\"lazy\" decoding=\"async\" class=\"size-medium wp-image-12244 alignright\" src=\"https:\/\/www.visionweb.com.ar\/wp-content\/uploads\/2023\/10\/patricia-cierre-en-lomas-300x248.png\" alt=\"\" width=\"300\" height=\"248\" srcset=\"https:\/\/www.visionweb.com.ar\/wp-content\/uploads\/2023\/10\/patricia-cierre-en-lomas-300x248.png 300w, https:\/\/www.visionweb.com.ar\/wp-content\/uploads\/2023\/10\/patricia-cierre-en-lomas.png 479w\" sizes=\"auto, (max-width: 300px) 100vw, 300px\" \/>\u00a0 L<\/strong>a candidata a la presidencia de Juntos por el Cambio <strong>Patricia Bullrich<\/strong>, hizo este jueves su cierre de campa\u00f1a en la\u00a0<strong>plaza Ra\u00fal Alfons\u00edn<\/strong>\u00a0del municipio bonaerense de\u00a0<strong>Lomas de Zamora<\/strong>, junto al candidato a vicepresidente<strong>\u00a0Luis Petri,<\/strong> el expresidente\u00a0<strong>Mauricio Macri<\/strong>, el jefe de Gobierno porte\u00f1o\u00a0<strong>Horacio Rodr\u00edguez Larreta<\/strong>, y <strong>N\u00e9stor Grindetti<\/strong> con\u00a0<strong>Miguel Fern\u00e1ndez, <\/strong>candidatos por la Provincia, entre otros.<\/p>\n<p>Tambi\u00e9n participaron del acto, su asesor econ\u00f3mico\u00a0<strong>Carlos Melconian\u00a0<\/strong>y los diputados\u00a0<strong>Hern\u00e1n Lombardi, Jos\u00e9 Luis Espert, Mar\u00eda Eugenia Vidal, Miguel \u00c1ngel Pichetto, Diego Santilli, Cristian Ritondo, la ex vicepresidenta Gabriela Michetti, el ex senador Esteban Bullrich y la diputada Mar\u00eda Eugenia Vidal. <\/strong><\/p>\n<p>A la vez, el candidato a la intendencia local,<strong> Guillermo Vi\u00f1uales,\u00a0<\/strong>inici\u00f3 el discurso, luego lo sigui\u00f3 el jefe de Gobierno porte\u00f1o\u00a0<strong>Horacio Rodr\u00edguez Larreta<\/strong>.<\/p>\n<p>A su turno<strong>, Mauricio Macri\u00a0<\/strong>expres\u00f3: \u00abDe un lado tenemos a<strong>\u00a0Patricia<\/strong>\u00a0con su coraje, su fuerza y su determinaci\u00f3n\u00bb, y luego se pregunt\u00f3: \u00ab\u00bfDel otro lado qu\u00e9 tenemos? Un ministro y candidato que compite por ser el peor<strong>\u00a0ministro de Econom\u00eda<\/strong>\u00a0de la historia\u00bb.<\/p>\n<p>\u00abLa otra alternativa es una agrupaci\u00f3n no madura, sin volumen y sin equipo, <strong>f\u00e1cilmente infiltrable<\/strong> que no pueden garantizar ning\u00fan cambio\u00bb, dijo Macri, en referencia a Milei.<\/p>\n<p>Luego, el candidato a vicepresidente <strong>Luis Petri<\/strong>, razon\u00f3: \u201c<strong>No es casual que estemos cerrando esta campa\u00f1a en Lomas de Zamora <\/strong>y en este lugar porque les queremos mostrar a todos los argentinos los contrastes, porque estamos en la capital nacional de la corrupci\u00f3n kirchnerista, pero tambi\u00e9n <strong>estamos en la plaza de la decencia democr\u00e1tica que se llama Ra\u00fal Alfons\u00edn<\/strong>\u201d.<\/p>\n<p><strong>N\u00e9stor Grindetti\u00a0<\/strong>fue el \u00faltimo orador antes de\u00a0<strong>Patricia Bullrich<\/strong>, que inici\u00f3 su discurso con un pron\u00f3stco: \u00abEsta es la ante\u00faltima estaci\u00f3n, porque la \u00faltima es el\u00a019 de noviembre\u00a0ganando el\u00a0balotaje\u00a0por la\u00a0presidencia. O en\u00a0<strong>primera vuelta<\/strong>, quiz\u00e1s\u00bb, dijo la candidata.<\/p>\n<p>Hizo especial hincapi\u00e9 en el territorio bonaerense: \u00abTenemos que sacar al\u00a0kirchnerismo\u00a0de ra\u00edz porque sino se quedan escondidos en sus guaridas\u00bb, advirti\u00f3 Bullrich, que tambi\u00e9n hizo referencia a las \u201cmalas ideas de Milei\u201d.<\/p>\n<p>Como contraste hizo alusi\u00f3n a la<strong>\u00a0<\/strong>educaci\u00f3n y la salud p\u00fablica\u00a0y sentenci\u00f3\u00b4: \u201cVamos a ser el gobierno m\u00e1s austero de la historia\u201d, y en ese sentido dijo que el dinero tiene que estar para la gente y para lo fundamental: los m\u00e9dicos, los maestros, los polic\u00edas y nuestras\u00a0Fuerzas Armadas\u00bb.<\/p>\n<p><img loading=\"lazy\" decoding=\"async\" class=\"size-medium wp-image-12245 alignleft\" src=\"https:\/\/www.visionweb.com.ar\/wp-content\/uploads\/2023\/10\/patricia-cierre-300x179.png\" alt=\"\" width=\"300\" height=\"179\" srcset=\"https:\/\/www.visionweb.com.ar\/wp-content\/uploads\/2023\/10\/patricia-cierre-300x179.png 300w, https:\/\/www.visionweb.com.ar\/wp-content\/uploads\/2023\/10\/patricia-cierre.png 407w\" sizes=\"auto, (max-width: 300px) 100vw, 300px\" \/>\u00ab<strong>Es hora de que terminemos con esta<\/strong>\u00a0<strong>pesadilla<\/strong>\u00ab, sostuvo y remarc\u00f3 que \u00ab<strong>tenemos el<\/strong>\u00a0<strong>poder pol\u00edtico\u00a0<\/strong><strong>que el cambio nunca tuvo en\u00a0democracia<\/strong>\u00ab.<\/p>\n<p>Luego la candidata exclam\u00f3: \u201cEs una oportunidad hist\u00f3rica, es la primera vez que hoy les podemos decir a todos los ciudadanos de nuestro pa\u00eds que el Cambio tiene m\u00e1s fuerza que el kirchnerismo\u201d.<\/p>\n<p>Y finaliz\u00f3 con un mensaje: \u201cArgentina, les quiero dar la tranquilidad a todos los ciudadanos que sabemos c\u00f3mo salir de esta situaci\u00f3n, que desde el lugar donde dejen el pa\u00eds, sabemos c\u00f3mo sacarlo adelante, sabemos c\u00f3mo ordenarlo y c\u00f3mo devolverle felicidad a los argentinos. No venimos improvisados, venimos con un plan claro.<strong>\u00a0Tengan la plena confianza que lo vamos a hacer. Tenemos la fuerza, tengo el car\u00e1cter para hacerlo, tengo la convicci\u00f3n, tengo la templanza que hay que tener\u201d. (VW)<\/strong><\/p>\n","protected":false},"excerpt":{"rendered":"<p>Fue en el municipio bonaerense de Mart\u00edn Insaurralde. La acompa\u00f1aron Mauricio Macri, Rodr\u00edguez Larreta, Esteban Bullrich y Carlos Melconian, entre otros presentes. \u201cQuiero dar la tranquilidad a todos los ciudadanos que sabemos c\u00f3mo salir&#46;&#46;&#46;<\/p>\n","protected":false},"author":4,"featured_media":12245,"comment_status":"closed","ping_status":"closed","sticky":false,"template":"","format":"standard","meta":{"_monsterinsights_skip_tracking":false,"_monsterinsights_sitenote_active":false,"_monsterinsights_sitenote_note":"","_monsterinsights_sitenote_category":0,"footnotes":""},"categories":[4],"tags":[5098,781,318,4056],"class_list":["post-12243","post","type-post","status-publish","format-standard","has-post-thumbnail","hentry","category-politica","tag-cierre-de-campana","tag-juntos-por-el-cambio","tag-lomas-de-zamora","tag-patricia-bullrich"],"_links":{"self":[{"href":"https:\/\/www.visionweb.com.ar\/index.php?rest_route=\/wp\/v2\/posts\/12243","targetHints":{"allow":["GET"]}}],"collection":[{"href":"https:\/\/www.visionweb.com.ar\/index.php?rest_route=\/wp\/v2\/posts"}],"about":[{"href":"https:\/\/www.visionweb.com.ar\/index.php?rest_route=\/wp\/v2\/types\/post"}],"author":[{"embeddable":true,"href":"https:\/\/www.visionweb.com.ar\/index.php?rest_route=\/wp\/v2\/users\/4"}],"replies":[{"embeddable":true,"href":"https:\/\/www.visionweb.com.ar\/index.php?rest_route=%2Fwp%2Fv2%2Fcomments&post=12243"}],"version-history":[{"count":1,"href":"https:\/\/www.visionweb.com.ar\/index.php?rest_route=\/wp\/v2\/posts\/12243\/revisions"}],"predecessor-version":[{"id":12246,"href":"https:\/\/www.visionweb.com.ar\/index.php?rest_route=\/wp\/v2\/posts\/12243\/revisions\/12246"}],"wp:featuredmedia":[{"embeddable":true,"href":"https:\/\/www.visionweb.com.ar\/index.php?rest_route=\/wp\/v2\/media\/12245"}],"wp:attachment":[{"href":"https:\/\/www.visionweb.com.ar\/index.php?rest_route=%2Fwp%2Fv2%2Fmedia&parent=12243"}],"wp:term":[{"taxonomy":"category","embeddable":true,"href":"https:\/\/www.visionweb.com.ar\/index.php?rest_route=%2Fwp%2Fv2%2Fcategories&post=12243"},{"taxonomy":"post_tag","embeddable":true,"href":"https:\/\/www.visionweb.com.ar\/index.php?rest_route=%2Fwp%2Fv2%2Ftags&post=12243"}],"curies":[{"name":"wp","href":"https:\/\/api.w.org\/{rel}","templated":true}]}}