{"id":12240,"date":"2023-10-20T08:59:24","date_gmt":"2023-10-20T11:59:24","guid":{"rendered":"https:\/\/www.visionweb.com.ar\/?p=12240"},"modified":"2023-10-19T20:07:57","modified_gmt":"2023-10-19T23:07:57","slug":"farmacias-bonaerenses-denuncian-falta-de-medicamentos","status":"publish","type":"post","link":"https:\/\/www.visionweb.com.ar\/?p=12240","title":{"rendered":"Farmacias bonaerenses denuncian falta de medicamentos"},"content":{"rendered":"<p><em><strong>LA queja proviene del Colegio de Farmac\u00e9uticos de la provincia de Buenos Aires. Cargan las tintas contra los laboratorios que no entregan en tiempo y forma.<\/strong><\/em><!--more--><\/p>\n<p><strong><img loading=\"lazy\" decoding=\"async\" class=\"size-medium wp-image-5423 alignright\" src=\"https:\/\/www.visionweb.com.ar\/wp-content\/uploads\/2022\/04\/MEDICAMENTOS-300x137.png\" alt=\"\" width=\"300\" height=\"137\" srcset=\"https:\/\/www.visionweb.com.ar\/wp-content\/uploads\/2022\/04\/MEDICAMENTOS-300x137.png 300w, https:\/\/www.visionweb.com.ar\/wp-content\/uploads\/2022\/04\/MEDICAMENTOS.png 640w\" sizes=\"auto, (max-width: 300px) 100vw, 300px\" \/>L<\/strong>as farmacias de la provincia de Buenos Aires, advirtieron este jueves acerca de la <strong>falta de provisi\u00f3n de medicamentos desde los laboratorios y droguer\u00edas\u00a0<\/strong>y pusieron en duda la prestaci\u00f3n de sus servicios.<\/p>\n<p>\u201cLas entidades farmac\u00e9uticas de la provincia de Buenos Aires estamos advirtiendo a la opini\u00f3n p\u00fablica sobre la\u00a0<strong>falta de entrega de medicamentos en varias presentaciones y marcas<\/strong>\u00a0desde comienzos de esta semana, por parte de los laboratorios y droguer\u00edas que nos proveen\u201d, inform\u00f3 un comunicado del Colegio de Farmac\u00e9uticos de la provincia de Buenos Aires.<\/p>\n<p>Al respecto, indic\u00f3 el Colegio, que diferentes distribuidoras \u201cest\u00e1n cambiando los circuitos de reposici\u00f3n de medicamentos e <strong>imponen nuevas condiciones comerciales que afectan el servicio farmac\u00e9utico y el tratamiento\u00a0<\/strong>de los pacientes\u201d.<\/p>\n<p>\u201cEsta situaci\u00f3n tiene un\u00a0<strong>impacto sanitario y econ\u00f3mico severo, ya que las farmacias pueden reponer cada vez menos medicamentos\u00a0<\/strong>debido a los extensos plazos con los que cobramos de las obras sociales y prepagas\u201d, alert\u00f3 la entidad que nuclea a las farmacias del territorio bonaerense.<\/p>\n<p>Sobre este punto, subrayaron que adem\u00e1s del \u201caumento de precios, la escasez de marcas y presentaciones, ahora padecemos las\u00a0<strong>limitaciones que nos imponen las droguer\u00edas a la hora de reponer los medicamentos\u00a0<\/strong>que dispensamos durante el d\u00eda. En este marco,\u00a0<strong>las farmacias no podemos garantizar la prestaci\u00f3n\u00a0<\/strong>del servicio\u201d, concluye el comunicado<strong>(VW)<\/strong>.<\/p>\n","protected":false},"excerpt":{"rendered":"<p>LA queja proviene del Colegio de Farmac\u00e9uticos de la provincia de Buenos Aires. Cargan las tintas contra los laboratorios que no entregan en tiempo y forma.<\/p>\n","protected":false},"author":3,"featured_media":6482,"comment_status":"closed","ping_status":"closed","sticky":false,"template":"","format":"standard","meta":{"_monsterinsights_skip_tracking":false,"_monsterinsights_sitenote_active":false,"_monsterinsights_sitenote_note":"","_monsterinsights_sitenote_category":0,"footnotes":""},"categories":[8,5],"tags":[5097,474,1621,1280],"class_list":["post-12240","post","type-post","status-publish","format-standard","has-post-thumbnail","hentry","category-interes-general","category-sociedad","tag-circuitos","tag-colegio","tag-farmacias","tag-medicamentos"],"_links":{"self":[{"href":"https:\/\/www.visionweb.com.ar\/index.php?rest_route=\/wp\/v2\/posts\/12240","targetHints":{"allow":["GET"]}}],"collection":[{"href":"https:\/\/www.visionweb.com.ar\/index.php?rest_route=\/wp\/v2\/posts"}],"about":[{"href":"https:\/\/www.visionweb.com.ar\/index.php?rest_route=\/wp\/v2\/types\/post"}],"author":[{"embeddable":true,"href":"https:\/\/www.visionweb.com.ar\/index.php?rest_route=\/wp\/v2\/users\/3"}],"replies":[{"embeddable":true,"href":"https:\/\/www.visionweb.com.ar\/index.php?rest_route=%2Fwp%2Fv2%2Fcomments&post=12240"}],"version-history":[{"count":2,"href":"https:\/\/www.visionweb.com.ar\/index.php?rest_route=\/wp\/v2\/posts\/12240\/revisions"}],"predecessor-version":[{"id":12242,"href":"https:\/\/www.visionweb.com.ar\/index.php?rest_route=\/wp\/v2\/posts\/12240\/revisions\/12242"}],"wp:featuredmedia":[{"embeddable":true,"href":"https:\/\/www.visionweb.com.ar\/index.php?rest_route=\/wp\/v2\/media\/6482"}],"wp:attachment":[{"href":"https:\/\/www.visionweb.com.ar\/index.php?rest_route=%2Fwp%2Fv2%2Fmedia&parent=12240"}],"wp:term":[{"taxonomy":"category","embeddable":true,"href":"https:\/\/www.visionweb.com.ar\/index.php?rest_route=%2Fwp%2Fv2%2Fcategories&post=12240"},{"taxonomy":"post_tag","embeddable":true,"href":"https:\/\/www.visionweb.com.ar\/index.php?rest_route=%2Fwp%2Fv2%2Ftags&post=12240"}],"curies":[{"name":"wp","href":"https:\/\/api.w.org\/{rel}","templated":true}]}}