{"id":12238,"date":"2023-10-20T07:30:14","date_gmt":"2023-10-20T10:30:14","guid":{"rendered":"https:\/\/www.visionweb.com.ar\/?p=12238"},"modified":"2023-10-19T19:50:45","modified_gmt":"2023-10-19T22:50:45","slug":"la-asociacion-bancaria-levanto-el-paro-anunciado-para-este-viernes","status":"publish","type":"post","link":"https:\/\/www.visionweb.com.ar\/?p=12238","title":{"rendered":"La Asociaci\u00f3n Bancaria levanto el paro anunciado para este viernes"},"content":{"rendered":"<p><em><strong>La medida se concret\u00f3 tras una convocatoria del Ministerio de Trabajo para concretar una audiencia este viernes 20 de octubre.<\/strong><\/em><!--more--><\/p>\n<p><img loading=\"lazy\" decoding=\"async\" class=\"size-medium wp-image-9597 alignright\" src=\"https:\/\/www.visionweb.com.ar\/wp-content\/uploads\/2023\/02\/bancarios-paro2-300x287.jpg\" alt=\"\" width=\"300\" height=\"287\" srcset=\"https:\/\/www.visionweb.com.ar\/wp-content\/uploads\/2023\/02\/bancarios-paro2-300x287.jpg 300w, https:\/\/www.visionweb.com.ar\/wp-content\/uploads\/2023\/02\/bancarios-paro2.bmp 356w\" sizes=\"auto, (max-width: 300px) 100vw, 300px\" \/>El\u00a0<a href=\"https:\/\/twitter.com\/MinTrabajoAR\">Ministerio de Trabajo<\/a> dict\u00f3 este jueves\u00a0 la <strong>conciliaci\u00f3n obligatoria<\/strong>\u00a0en el marco del conflicto que la\u00a0<strong>Asociaci\u00f3n Bancaria<\/strong> (AB) mantiene con las entidades financieras Santander R\u00edo, Galicia y Supervielle.<\/p>\n<p>El gremio de los bancarios hab\u00eda anunciado un <strong>paro\u00a0<\/strong>para este viernes que ahora qued\u00f3 suspendido.<\/p>\n<p>\u00abEn relaci\u00f3n al conflicto con los bancos Santander, Galicia y Supervielle, el Ministerio de Trabajo de la Naci\u00f3n acaba de dictar la\u00a0<strong>conciliaci\u00f3n obligatoria<\/strong>, por lo tanto no se llevar\u00e1 a cabo el\u00a0<strong>paro\u00a0<\/strong>anunciado para el d\u00eda de ma\u00f1ana en esas instituciones\u00bb, inform\u00f3 hoy en un comunicado la AB, que conduce el diputado nacional del Frente de Todos (FdT) Sergio Palazzo.<\/p>\n<p>Asimismo, inform\u00f3 que la cartera laboral \u00abconvoc\u00f3 a una audiencia para este viernes a las 12 horas en la sede ministerial, para iniciar las conversaciones correspondientes con los bancos denunciados\u00bb.<\/p>\n<p>El gremio que conduce Sergio Palazzo decidi\u00f3 decretar el paro, ahora suspendido, por \u00abel cierre de <strong>\u00a0sucursales<\/strong>\u00a0que est\u00e1n llevando adelante los bancos mencionados, la\u00a0<strong>falta y disminuci\u00f3n permanente de la dotaci\u00f3n de personal,\u00a0<\/strong>el\u00a0<strong>incumplimiento del Convenio Colectivo de Trabajo Nro. 18\/75,\u00a0<\/strong><strong>la<\/strong>\u00a0<strong>pr\u00e1ctica desleal en el medio de la negociaci\u00f3n paritaria\u00a0<\/strong>y\u00a0<strong>tercerizaciones\u201d, https:\/\/www.visionweb.com.ar\/?p=12236<\/strong><\/p>\n<p>Palazzo y el secretario de Prensa del sindicato, Claudio Bustelo, se\u00f1alaron en un documento en representaci\u00f3n del Secretariado General Nacional que la medida de fuerza fue convocada \u00aben rechazo del cierre de sucursales en esos bancos, la falta y disminuci\u00f3n permanente de la dotaci\u00f3n de personal y el incumplimiento del convenio laboral 18\/75\u00bb.<\/p>\n<p>La organizaci\u00f3n sindical tambi\u00e9n decidi\u00f3 la protesta en repudio de \u00abla pr\u00e1ctica desleal patronal en el contexto de la negociaci\u00f3n paritaria y las constantes tercerizaciones\u00bb<strong>(VW)<\/strong>.<\/p>\n<p>&nbsp;<\/p>\n","protected":false},"excerpt":{"rendered":"<p>La medida se concret\u00f3 tras una convocatoria del Ministerio de Trabajo para concretar una audiencia este viernes 20 de octubre.<\/p>\n","protected":false},"author":3,"featured_media":9597,"comment_status":"closed","ping_status":"closed","sticky":false,"template":"","format":"standard","meta":{"_monsterinsights_skip_tracking":false,"_monsterinsights_sitenote_active":false,"_monsterinsights_sitenote_note":"","_monsterinsights_sitenote_category":0,"footnotes":""},"categories":[4],"tags":[24,714,2839,5096,242],"class_list":["post-12238","post","type-post","status-publish","format-standard","has-post-thumbnail","hentry","category-politica","tag-bancos","tag-cierre","tag-palazzo","tag-sucursales","tag-trabajo"],"_links":{"self":[{"href":"https:\/\/www.visionweb.com.ar\/index.php?rest_route=\/wp\/v2\/posts\/12238","targetHints":{"allow":["GET"]}}],"collection":[{"href":"https:\/\/www.visionweb.com.ar\/index.php?rest_route=\/wp\/v2\/posts"}],"about":[{"href":"https:\/\/www.visionweb.com.ar\/index.php?rest_route=\/wp\/v2\/types\/post"}],"author":[{"embeddable":true,"href":"https:\/\/www.visionweb.com.ar\/index.php?rest_route=\/wp\/v2\/users\/3"}],"replies":[{"embeddable":true,"href":"https:\/\/www.visionweb.com.ar\/index.php?rest_route=%2Fwp%2Fv2%2Fcomments&post=12238"}],"version-history":[{"count":1,"href":"https:\/\/www.visionweb.com.ar\/index.php?rest_route=\/wp\/v2\/posts\/12238\/revisions"}],"predecessor-version":[{"id":12239,"href":"https:\/\/www.visionweb.com.ar\/index.php?rest_route=\/wp\/v2\/posts\/12238\/revisions\/12239"}],"wp:featuredmedia":[{"embeddable":true,"href":"https:\/\/www.visionweb.com.ar\/index.php?rest_route=\/wp\/v2\/media\/9597"}],"wp:attachment":[{"href":"https:\/\/www.visionweb.com.ar\/index.php?rest_route=%2Fwp%2Fv2%2Fmedia&parent=12238"}],"wp:term":[{"taxonomy":"category","embeddable":true,"href":"https:\/\/www.visionweb.com.ar\/index.php?rest_route=%2Fwp%2Fv2%2Fcategories&post=12238"},{"taxonomy":"post_tag","embeddable":true,"href":"https:\/\/www.visionweb.com.ar\/index.php?rest_route=%2Fwp%2Fv2%2Ftags&post=12238"}],"curies":[{"name":"wp","href":"https:\/\/api.w.org\/{rel}","templated":true}]}}