{"id":12236,"date":"2023-10-19T09:35:48","date_gmt":"2023-10-19T12:35:48","guid":{"rendered":"https:\/\/www.visionweb.com.ar\/?p=12236"},"modified":"2023-10-19T09:35:48","modified_gmt":"2023-10-19T12:35:48","slug":"la-bancaria-anuncio-un-paro-en-tres-bancos-para-manana-viernes","status":"publish","type":"post","link":"https:\/\/www.visionweb.com.ar\/?p=12236","title":{"rendered":"La Bancaria anunci\u00f3 un paro en tres bancos para ma\u00f1ana viernes"},"content":{"rendered":"<p><em><strong>Ser\u00e1 por 24 horas y afectar\u00e1 a los bancos Santander, Galicia y Supervielle.<\/strong><\/em><!--more--><\/p>\n<p><strong><img loading=\"lazy\" decoding=\"async\" class=\"size-medium wp-image-7485 alignright\" src=\"https:\/\/www.visionweb.com.ar\/wp-content\/uploads\/2022\/09\/la-bancaria-300x184.jpg\" alt=\"\" width=\"300\" height=\"184\" srcset=\"https:\/\/www.visionweb.com.ar\/wp-content\/uploads\/2022\/09\/la-bancaria-300x184.jpg 300w, https:\/\/www.visionweb.com.ar\/wp-content\/uploads\/2022\/09\/la-bancaria.bmp 557w\" sizes=\"auto, (max-width: 300px) 100vw, 300px\" \/>\u00a0 P<\/strong>revio a las elecciones\u00a0generales del pr\u00f3ximo domingo, la<strong> Asociaci\u00f3n Bancaria\u00a0<\/strong>anunci\u00f3 un\u00a0<strong>paro por el t\u00e9rmino de 24 horas para ma\u00f1ana viernes,\u00a0<\/strong>en todos los turnos de los<strong>\u00a0bancos Santander, Galicia y Supervielle.<\/strong><\/p>\n<p>A trav\u00e9s de un comunicado publicado ayer, el gremio indic\u00f3: \u00abEn el d\u00eda de la fecha, los Cuerpos Org\u00e1nicos de la\u00a0<strong>Asociaci\u00f3n Bancaria<\/strong>\u00a0han\u00a0resuelto convocar a un paro por el t\u00e9rmino de 24 horas en todos los turnos, para el pr\u00f3ximo <strong>viernes 20 de octubre, en los Bancos Santander, Galicia y Supervielle<\/strong>\u00ab.<\/p>\n<p>Desde el sindicato, enumeraron las razones de la medida: \u201cEs por el\u00a0<strong>cierre de sucursales<\/strong>\u00a0que est\u00e1n llevando adelante los bancos mencionados, la\u00a0<strong>falta y disminuci\u00f3n permanente de la dotaci\u00f3n de personal,\u00a0<\/strong>el\u00a0<strong>incumplimiento del Convenio Colectivo de Trabajo Nro. 18\/75,\u00a0<\/strong><strong>la<\/strong>\u00a0<strong>pr\u00e1ctica desleal en el medio de la negociaci\u00f3n paritaria\u00a0<\/strong>y\u00a0<strong>tercerizaciones\u201d.<\/strong><\/p>\n<p>\u00abPor otro lado se ha efectuado la correspondiente\u00a0<strong>denuncia ante el<\/strong>\u00a0<strong>Ministerio de Trabajo de la Naci\u00f3n<\/strong>, con los puntos expuestos precedentemente\u00bb, aclararon en el texto.<\/p>\n<p>Cabe recordar que la Asociaci\u00f3n Bancaria y las c\u00e1maras empresariales llegaron a un acuerdo en el Ministerio de Trabajo durante la revisi\u00f3n paritaria en septiembre, que\u00a0<strong>implica un incremento salarial del 75%<\/strong>\u00a0para el per\u00edodo de enero a agosto de este a\u00f1o.<\/p>\n<p>Seg\u00fan inform\u00f3 Palazzo en ese momento, esto llev\u00f3 el salario m\u00ednimo inicial para agosto a casi $ 420.000, y se acord\u00f3 en ese momento el pago de un\u00a0bono de $ 361.241,68 en reconocimiento al D\u00eda del Bancario, que se celebra el\u00a06 de noviembre y es un d\u00eda no laborable.<strong> (VW)<\/strong><\/p>\n","protected":false},"excerpt":{"rendered":"<p>Ser\u00e1 por 24 horas y afectar\u00e1 a los bancos Santander, Galicia y Supervielle.<\/p>\n","protected":false},"author":4,"featured_media":7485,"comment_status":"closed","ping_status":"closed","sticky":false,"template":"","format":"standard","meta":{"_monsterinsights_skip_tracking":false,"_monsterinsights_sitenote_active":false,"_monsterinsights_sitenote_note":"","_monsterinsights_sitenote_category":0,"footnotes":""},"categories":[6,4],"tags":[5093,2181,5092,5095,5094],"class_list":["post-12236","post","type-post","status-publish","format-standard","has-post-thumbnail","hentry","category-economia","category-politica","tag-galicia","tag-la-bancaria","tag-paro-para-el-viernes-20","tag-santander","tag-supervielle"],"_links":{"self":[{"href":"https:\/\/www.visionweb.com.ar\/index.php?rest_route=\/wp\/v2\/posts\/12236","targetHints":{"allow":["GET"]}}],"collection":[{"href":"https:\/\/www.visionweb.com.ar\/index.php?rest_route=\/wp\/v2\/posts"}],"about":[{"href":"https:\/\/www.visionweb.com.ar\/index.php?rest_route=\/wp\/v2\/types\/post"}],"author":[{"embeddable":true,"href":"https:\/\/www.visionweb.com.ar\/index.php?rest_route=\/wp\/v2\/users\/4"}],"replies":[{"embeddable":true,"href":"https:\/\/www.visionweb.com.ar\/index.php?rest_route=%2Fwp%2Fv2%2Fcomments&post=12236"}],"version-history":[{"count":1,"href":"https:\/\/www.visionweb.com.ar\/index.php?rest_route=\/wp\/v2\/posts\/12236\/revisions"}],"predecessor-version":[{"id":12237,"href":"https:\/\/www.visionweb.com.ar\/index.php?rest_route=\/wp\/v2\/posts\/12236\/revisions\/12237"}],"wp:featuredmedia":[{"embeddable":true,"href":"https:\/\/www.visionweb.com.ar\/index.php?rest_route=\/wp\/v2\/media\/7485"}],"wp:attachment":[{"href":"https:\/\/www.visionweb.com.ar\/index.php?rest_route=%2Fwp%2Fv2%2Fmedia&parent=12236"}],"wp:term":[{"taxonomy":"category","embeddable":true,"href":"https:\/\/www.visionweb.com.ar\/index.php?rest_route=%2Fwp%2Fv2%2Fcategories&post=12236"},{"taxonomy":"post_tag","embeddable":true,"href":"https:\/\/www.visionweb.com.ar\/index.php?rest_route=%2Fwp%2Fv2%2Ftags&post=12236"}],"curies":[{"name":"wp","href":"https:\/\/api.w.org\/{rel}","templated":true}]}}