{"id":12232,"date":"2023-10-19T09:05:22","date_gmt":"2023-10-19T12:05:22","guid":{"rendered":"https:\/\/www.visionweb.com.ar\/?p=12232"},"modified":"2023-10-19T09:42:00","modified_gmt":"2023-10-19T12:42:00","slug":"uatre-presentan-un-proyecto-de-inclusion-laboral-para-victimas-de-trata","status":"publish","type":"post","link":"https:\/\/www.visionweb.com.ar\/?p=12232","title":{"rendered":"UATRE: Presentan un proyecto de inclusi\u00f3n laboral para v\u00edctimas de trata"},"content":{"rendered":"<p><em><strong>La iniciativa impulsada por la UATRE llega a la C\u00e1mara de Diputados bonaerense. El Proyecto propone la creaci\u00f3n de un grupo laboral espec\u00edfico.<\/strong><\/em><!--more--><\/p>\n<p><img loading=\"lazy\" decoding=\"async\" class=\"size-medium wp-image-12233 alignright\" src=\"https:\/\/www.visionweb.com.ar\/wp-content\/uploads\/2023\/10\/INICIATIVA-LEGISLATIVA-300x200.jpeg\" alt=\"\" width=\"300\" height=\"200\" srcset=\"https:\/\/www.visionweb.com.ar\/wp-content\/uploads\/2023\/10\/INICIATIVA-LEGISLATIVA-300x200.jpeg 300w, https:\/\/www.visionweb.com.ar\/wp-content\/uploads\/2023\/10\/INICIATIVA-LEGISLATIVA.jpeg 640w\" sizes=\"auto, (max-width: 300px) 100vw, 300px\" \/> <strong>\u00a0U<\/strong>n grupo de referentes sociales que incluye a una legisladora present\u00f3\u00a0 en la Legislatura bonaerense, con el\u00a0 respaldo del Comit\u00e9 Ejecutivo de Lucha contra la Trata, un proyecto de Ley que propicia la creaci\u00f3n de un cupo laboral espec\u00edfico para v\u00edctimas de trata con fines de explotaci\u00f3n sexual y laboral.<\/p>\n<p>La iniciativa fue impulsada por La diputada bonaerense, Natalia S\u00e1nchez J\u00e1uregui; el director operativo del Comit\u00e9 Ejecutivo de Lucha contra la Trata, Gustavo Vera; y el Secretario General de la Uni\u00f3n Argentina de Trabajadores Rurales y Estibadores (UATRE), Jos\u00e9 Voytenco.<\/p>\n<p class=\"yiv1078980098MsoNormal\"><span lang=\"ES-AR\">\u201cContinuamos trabajando para saldar una gran deuda con aquellas personas a las cuales sus derechos fueron vulnerados\u201d, se\u00f1al\u00f3 en su perfil de la red social X, ex Twitter, S\u00e1nchez J\u00e1uregui, autora del proyecto y miembro tambi\u00e9n del Consejo Directivo Nacional de los peones rurales de la UATRE. La Legisladora agreg\u00f3 que se busca \u201campliar y garantizar derechos, restituir y reparar a las v\u00edctimas, es un gran acto de justicia social\u201d.<\/span><\/p>\n<p class=\"yiv1078980098MsoNormal\"><span lang=\"ES-AR\">\u00a0<\/span><span lang=\"ES-AR\">Durante un acto desarrollado en el Sal\u00f3n Auditorio del Anexo de la C\u00e1mara de Diputados bonaerense, la diputada del Partido Fe, junto a Vera y al secretario general del sindicato UATRE, Jos\u00e9 Voytenco, explicaron los alcances de la iniciativa.<\/span><\/p>\n<p class=\"yiv1078980098MsoNormal\"><span lang=\"ES-AR\">\u00a0<\/span><span lang=\"ES-AR\">El proyecto dispone un cupo laboral para v\u00edctimas de trata, as\u00ed como instancias de capacitaci\u00f3n, campa\u00f1as de difusi\u00f3n masiva y un registro de empleos disponibles.<\/span><\/p>\n<p class=\"yiv1078980098MsoNormal\"><span lang=\"ES-AR\">\u00a0<\/span><span lang=\"ES-AR\">La diputada de extracci\u00f3n rural explic\u00f3 que \u201cdentro de sus puntos importantes, crea el Programa de Inclusi\u00f3n Laboral de las Personas V\u00edctimas de Delitos de Trata y Explotaci\u00f3n de Personas en todas sus formas y estar\u00e1 destinado a todas las personas que residen en forma permanente en el territorio de la provincia de Buenos Aires\u201d.<\/span><\/p>\n<p class=\"yiv1078980098MsoNormal\"><span lang=\"ES-AR\">\u00a0<\/span><span lang=\"ES-AR\">Seg\u00fan se indica, en su articulado, el proyecto dispone que \u00abcuando sea el Estado Provincial quien contrate a las personas contempladas en el art\u00edculo 1, el organismo provincial que los emplee, contar\u00e1 con un cupo de hasta el uno por ciento del total del personal, para ser cubierto, en cualquiera de las modalidades que asume la relaci\u00f3n de empleo p\u00fablico\u201d.<\/span><\/p>\n<p class=\"yiv1078980098MsoNormal\"><span lang=\"ES-AR\">\u00a0<\/span><span lang=\"ES-AR\">\u201cLo importante de la iniciativa es que plantea la creaci\u00f3n de un registro de trabajo disponible, tanto en el \u00e1mbito p\u00fablico como privado, con el resguardo de la intimidad y confidencialidad de la informaci\u00f3n. Generar pol\u00edticas para combatir este flagelo es parte activa de nuestra agenda sectorial\u201d, agreg\u00f3 Voytenco.<\/span><\/p>\n<p class=\"yiv1078980098MsoNormal\"><span lang=\"ES-AR\">\u00a0<\/span><span lang=\"ES-AR\">Se destac\u00f3 que la falta de antecedentes laborales y educativos de las personas beneficiarias \u201cno ser\u00e1 un impedimento para acceder a los derechos que reconoce la presente Ley\u201d, ya que el Ejecutivo Provincial, por intermedio del organismo de competencia en la materia y sus \u00f3rganos dependientes deber\u00e1n garantizar la capacitaci\u00f3n laboral obligatoria y remunerada de las personas aspirantes a cualquier puesto laboral requerido por los mismos.<\/span><\/p>\n<p class=\"yiv1078980098MsoNormal\"><span lang=\"ES-AR\">\u00a0<\/span><span lang=\"ES-AR\">As\u00ed, la iniciativa contempla garantizar campa\u00f1as de difusi\u00f3n masivas del plan de inserci\u00f3n laboral, tanto en medios radiales, televisivos, y redes sociales, como en la v\u00eda p\u00fablica, \u201cconvocando para las mismas a las organizaciones que luchan por este derecho y a la comunidad educativa\u201d.<\/span><\/p>\n<p class=\"yiv1078980098MsoNormal\"><span lang=\"ES-AR\">\u00a0<\/span><span lang=\"ES-AR\">Adem\u00e1s de Buenos Aires, las provincias de Jujuy, Santa Cruz, R\u00edo Negro, Neuqu\u00e9n y Tucum\u00e1n presentaron iniciativas similares, como parte de una pol\u00edtica p\u00fablica de restituci\u00f3n de derechos impulsada por el Comit\u00e9 Ejecutivo de Lucha contra la Trata en todo el pa\u00eds; distritos que, de avanzar con esta legislaci\u00f3n, se sumar\u00edan a Catamarca, Chaco y Salta que promulgaron leyes similares.<\/span><\/p>\n<p class=\"yiv1078980098MsoNormal\"><span lang=\"ES-AR\">\u00a0<\/span><span lang=\"ES-AR\">De la jornada tambi\u00e9n participaron representantes del Ministerio de Trabajo de la provincia, de la cartera de las Mujeres, Pol\u00edticas de G\u00e9nero y Diversidad Sexual de la provincia, concejales del interior bonaerense y representantes de sindicales, entre otros. <strong>(NAP\/VW)<\/strong><\/span><\/p>\n<p class=\"yiv1078980098MsoNormal\"><b><span lang=\"ES-AR\">\u00a0<\/span><\/b><\/p>\n","protected":false},"excerpt":{"rendered":"<p>La iniciativa impulsada por la UATRE llega a la C\u00e1mara de Diputados bonaerense. El Proyecto propone la creaci\u00f3n de un grupo laboral espec\u00edfico.<\/p>\n","protected":false},"author":3,"featured_media":12233,"comment_status":"closed","ping_status":"closed","sticky":false,"template":"","format":"standard","meta":{"_monsterinsights_skip_tracking":false,"_monsterinsights_sitenote_active":false,"_monsterinsights_sitenote_note":"","_monsterinsights_sitenote_category":0,"footnotes":""},"categories":[5],"tags":[],"class_list":["post-12232","post","type-post","status-publish","format-standard","has-post-thumbnail","hentry","category-sociedad"],"_links":{"self":[{"href":"https:\/\/www.visionweb.com.ar\/index.php?rest_route=\/wp\/v2\/posts\/12232","targetHints":{"allow":["GET"]}}],"collection":[{"href":"https:\/\/www.visionweb.com.ar\/index.php?rest_route=\/wp\/v2\/posts"}],"about":[{"href":"https:\/\/www.visionweb.com.ar\/index.php?rest_route=\/wp\/v2\/types\/post"}],"author":[{"embeddable":true,"href":"https:\/\/www.visionweb.com.ar\/index.php?rest_route=\/wp\/v2\/users\/3"}],"replies":[{"embeddable":true,"href":"https:\/\/www.visionweb.com.ar\/index.php?rest_route=%2Fwp%2Fv2%2Fcomments&post=12232"}],"version-history":[{"count":2,"href":"https:\/\/www.visionweb.com.ar\/index.php?rest_route=\/wp\/v2\/posts\/12232\/revisions"}],"predecessor-version":[{"id":12235,"href":"https:\/\/www.visionweb.com.ar\/index.php?rest_route=\/wp\/v2\/posts\/12232\/revisions\/12235"}],"wp:featuredmedia":[{"embeddable":true,"href":"https:\/\/www.visionweb.com.ar\/index.php?rest_route=\/wp\/v2\/media\/12233"}],"wp:attachment":[{"href":"https:\/\/www.visionweb.com.ar\/index.php?rest_route=%2Fwp%2Fv2%2Fmedia&parent=12232"}],"wp:term":[{"taxonomy":"category","embeddable":true,"href":"https:\/\/www.visionweb.com.ar\/index.php?rest_route=%2Fwp%2Fv2%2Fcategories&post=12232"},{"taxonomy":"post_tag","embeddable":true,"href":"https:\/\/www.visionweb.com.ar\/index.php?rest_route=%2Fwp%2Fv2%2Ftags&post=12232"}],"curies":[{"name":"wp","href":"https:\/\/api.w.org\/{rel}","templated":true}]}}