{"id":12230,"date":"2023-10-19T07:58:59","date_gmt":"2023-10-19T10:58:59","guid":{"rendered":"https:\/\/www.visionweb.com.ar\/?p=12230"},"modified":"2023-10-18T20:07:31","modified_gmt":"2023-10-18T23:07:31","slug":"indec-el-costo-de-la-canasta-alimentaria-subio-132-en-septiembre","status":"publish","type":"post","link":"https:\/\/www.visionweb.com.ar\/?p=12230","title":{"rendered":"INDEC:  El costo de la canasta alimentaria subi\u00f3 13,2% en septiembre"},"content":{"rendered":"<p><strong><em>Seg\u00fan el Instituto Nacional de Estad\u00edstica y Censos se\u00f1alan, que el costo de la canasta b\u00e1sica total (CBT), que adem\u00e1s de alimentos mide precio de la indumentaria, transporte y servicios, marc\u00f3 un incremento de 12,2%.<\/em><\/strong><\/p>\n<p><!--more--><\/p>\n<p><strong><img loading=\"lazy\" decoding=\"async\" class=\"size-medium wp-image-11687 alignright\" src=\"https:\/\/www.visionweb.com.ar\/wp-content\/uploads\/2023\/09\/ALIMENTOS-300x172.png\" alt=\"\" width=\"300\" height=\"172\" srcset=\"https:\/\/www.visionweb.com.ar\/wp-content\/uploads\/2023\/09\/ALIMENTOS-300x172.png 300w, https:\/\/www.visionweb.com.ar\/wp-content\/uploads\/2023\/09\/ALIMENTOS.png 640w\" sizes=\"auto, (max-width: 300px) 100vw, 300px\" \/>L<\/strong>a variaci\u00f3n mensual de la\u00a0<strong>canasta b\u00e1sica alimentaria<\/strong>\u00a0(CBA) durante septiembre de 2023 fue de 13,2%, mientras que la de la\u00a0<strong>canasta b\u00e1sica total<\/strong>\u00a0(CBT) fue de 12,2%, inform\u00f3 este mi\u00e9rcoles el Instituto Nacional de Estad\u00edstica y Censos (Indec).<\/p>\n<p>Con este incremento de la canasta b\u00e1sica alimentaria, en septiembre un grupo familiar compuesto por dos adultos y dos menores necesit\u00f3 percibir ingresos por $147.881 para no caer en la indigencia.<\/p>\n<p>En tanto, la suba en el costo de la canasta b\u00e1sica total, que adem\u00e1s de alimentos mide precio de la indumentaria, transporte y servicios, oblig\u00f3 en septiembre a que el mismo grupo familiar necesite contar con ingresos por $319.422 para no caer debajo de la l\u00ednea de la pobreza.<\/p>\n<h3 style=\"text-align: center;\"><span style=\"color: #0000ff;\"><em><strong>La variaci\u00f3n de la canasta b\u00e1sica total (CBT) fue del 12,2% en septiembre\u00a0<\/strong><\/em><\/span><\/h3>\n<p style=\"text-align: left;\">\nLas variaciones de la CBA y la CBT resultaron de 160,7% y 149,1%, en t\u00e9rminos interanuales; y\u00a0<strong>acumulan en el a\u00f1o incrementos de 120,1% y 109,4%<\/strong>, respectivamente.<\/p>\n<p>La l\u00ednea de indigencia para un adulto fue de $47.858; y la l\u00ednea de pobreza para un adulto se ubic\u00f3 en $103.373.<\/p>\n<p>En el caso de un hogar de tres integrantes, compuesto por una mujer de 35 a\u00f1os, su hijo de 18 a\u00f1os y su madre de 61 a\u00f1os, el costo de la CBA fue de $117.730 y el de la CBT, de $254.297.<\/p>\n<p>Y, en el caso de un hogar de cinco integrantes, compuesto por un var\u00f3n y una mujer, ambos de 30 a\u00f1os, y tres hijos de cinco, tres y un a\u00f1o, el costo de la CBA fue de %155.538 y el de la CBT, de $335.962.<strong>(VW)<\/strong><\/p>\n","protected":false},"excerpt":{"rendered":"<p>Seg\u00fan el Instituto Nacional de Estad\u00edstica y Censos se\u00f1alan, que el costo de la canasta b\u00e1sica total (CBT), que adem\u00e1s de alimentos mide precio de la indumentaria, transporte y servicios, marc\u00f3 un incremento de&#46;&#46;&#46;<\/p>\n","protected":false},"author":3,"featured_media":11687,"comment_status":"closed","ping_status":"closed","sticky":false,"template":"","format":"standard","meta":{"_monsterinsights_skip_tracking":false,"_monsterinsights_sitenote_active":false,"_monsterinsights_sitenote_note":"","_monsterinsights_sitenote_category":0,"footnotes":""},"categories":[3,8],"tags":[],"class_list":["post-12230","post","type-post","status-publish","format-standard","has-post-thumbnail","hentry","category-actualidad","category-interes-general"],"_links":{"self":[{"href":"https:\/\/www.visionweb.com.ar\/index.php?rest_route=\/wp\/v2\/posts\/12230","targetHints":{"allow":["GET"]}}],"collection":[{"href":"https:\/\/www.visionweb.com.ar\/index.php?rest_route=\/wp\/v2\/posts"}],"about":[{"href":"https:\/\/www.visionweb.com.ar\/index.php?rest_route=\/wp\/v2\/types\/post"}],"author":[{"embeddable":true,"href":"https:\/\/www.visionweb.com.ar\/index.php?rest_route=\/wp\/v2\/users\/3"}],"replies":[{"embeddable":true,"href":"https:\/\/www.visionweb.com.ar\/index.php?rest_route=%2Fwp%2Fv2%2Fcomments&post=12230"}],"version-history":[{"count":1,"href":"https:\/\/www.visionweb.com.ar\/index.php?rest_route=\/wp\/v2\/posts\/12230\/revisions"}],"predecessor-version":[{"id":12231,"href":"https:\/\/www.visionweb.com.ar\/index.php?rest_route=\/wp\/v2\/posts\/12230\/revisions\/12231"}],"wp:featuredmedia":[{"embeddable":true,"href":"https:\/\/www.visionweb.com.ar\/index.php?rest_route=\/wp\/v2\/media\/11687"}],"wp:attachment":[{"href":"https:\/\/www.visionweb.com.ar\/index.php?rest_route=%2Fwp%2Fv2%2Fmedia&parent=12230"}],"wp:term":[{"taxonomy":"category","embeddable":true,"href":"https:\/\/www.visionweb.com.ar\/index.php?rest_route=%2Fwp%2Fv2%2Fcategories&post=12230"},{"taxonomy":"post_tag","embeddable":true,"href":"https:\/\/www.visionweb.com.ar\/index.php?rest_route=%2Fwp%2Fv2%2Ftags&post=12230"}],"curies":[{"name":"wp","href":"https:\/\/api.w.org\/{rel}","templated":true}]}}