{"id":12225,"date":"2023-10-18T13:54:12","date_gmt":"2023-10-18T16:54:12","guid":{"rendered":"https:\/\/www.visionweb.com.ar\/?p=12225"},"modified":"2023-10-18T13:54:12","modified_gmt":"2023-10-18T16:54:12","slug":"provincia-las-delegaciones-del-registro-de-las-personas-estaran-abiertas-el-domingo-22","status":"publish","type":"post","link":"https:\/\/www.visionweb.com.ar\/?p=12225","title":{"rendered":"Provincia: Las delegaciones del Registro de las Personas estar\u00e1n abiertas el domingo 22"},"content":{"rendered":"<p><em><strong>Atender\u00e1n exclusivamente para retirar el DNI y para realizar denuncias en casos de extrav\u00edo del documento.<\/strong><\/em><!--more--><\/p>\n<p><strong><img loading=\"lazy\" decoding=\"async\" class=\"size-medium wp-image-12226 alignright\" src=\"https:\/\/www.visionweb.com.ar\/wp-content\/uploads\/2023\/10\/registro-de-las-personas-300x165.png\" alt=\"\" width=\"300\" height=\"165\" srcset=\"https:\/\/www.visionweb.com.ar\/wp-content\/uploads\/2023\/10\/registro-de-las-personas-300x165.png 300w, https:\/\/www.visionweb.com.ar\/wp-content\/uploads\/2023\/10\/registro-de-las-personas.png 542w\" sizes=\"auto, (max-width: 300px) 100vw, 300px\" \/>\u00a0\u00a0 L<\/strong>as delegaciones del Registro de las Personas de la provincia de Buenos Aires\u00a0<strong>permanecer\u00e1n abiertas el pr\u00f3ximo domingo, de 8 a 18, exclusivamente para retiro de DNI\u00a0<\/strong>y realizaci\u00f3n de denuncias de extrav\u00edo, en el marco de las elecciones generales.<\/p>\n<p>El Ministerio de Gobierno bonaerense inform\u00f3 a la vez, que<strong> hasta el pr\u00f3ximo viernes 20<\/strong>, podr\u00e1n retirarse los DNI sin turno previo, de 8 a 13 con la correspondiente constancia del tr\u00e1mite.<\/p>\n<p>Son m\u00e1s de 500 delegaciones en la Provincia que atender\u00e1n al p\u00fablico de 8 a 18 s\u00f3lo para el retiro de DNI previamente tramitados, y para la toma de denuncias de extrav\u00edo del documento de identidad.<\/p>\n<p>A la vez, la cartera a cargo de Cristina \u00c1lvarez Rodr\u00edguez record\u00f3 que\u00a0<strong>\u00abla constancia de DNI en tr\u00e1mite no es v\u00e1lida para emitir el sufragio.<\/strong>\u00a0El pr\u00f3ximo domingo, las y los ciudadanos deber\u00e1n acercarse con la \u00faltima versi\u00f3n del DNI que tengan en su poder para participar del acto eleccionario\u00bb.<\/p>\n<p>Para consultar el lugar de votaci\u00f3n, n\u00famero de mesa y orden,\u00a0ir al siguiente link:<strong> <a href=\"http:\/\/www.padron.gob.ar\">www.padron.gob.ar<\/a><\/strong><\/p>\n<p>Tambi\u00e9n para extranjeros que residen en la provincia de Buenos Aires pueden chequear sus datos en juntaelectoragba.gov.ar<\/p>\n<p>As\u00ed mismo, la C\u00e1mara Nacional Electoral (CNE) inform\u00f3 que a\u00fan se puede <strong>consultar el Padr\u00f3n de Infractores<\/strong>: \u00abRecord\u00e1 que todav\u00eda ten\u00e9s tiempo <strong>para justificar la no emisi\u00f3n de tu voto en las PASO<\/strong>. Ingres\u00e1 en: http:\/\/infractores.padron.gov.ar\u00bb. <strong>(VW)<\/strong><\/p>\n","protected":false},"excerpt":{"rendered":"<p>Atender\u00e1n exclusivamente para retirar el DNI y para realizar denuncias en casos de extrav\u00edo del documento.<\/p>\n","protected":false},"author":4,"featured_media":12226,"comment_status":"closed","ping_status":"closed","sticky":false,"template":"","format":"standard","meta":{"_monsterinsights_skip_tracking":false,"_monsterinsights_sitenote_active":false,"_monsterinsights_sitenote_note":"","_monsterinsights_sitenote_category":0,"footnotes":""},"categories":[8],"tags":[5091,1904,5090],"class_list":["post-12225","post","type-post","status-publish","format-standard","has-post-thumbnail","hentry","category-interes-general","tag-abierto-el-domingo-22","tag-elecciones-2023","tag-registro-de-las-personas-bonaerense"],"_links":{"self":[{"href":"https:\/\/www.visionweb.com.ar\/index.php?rest_route=\/wp\/v2\/posts\/12225","targetHints":{"allow":["GET"]}}],"collection":[{"href":"https:\/\/www.visionweb.com.ar\/index.php?rest_route=\/wp\/v2\/posts"}],"about":[{"href":"https:\/\/www.visionweb.com.ar\/index.php?rest_route=\/wp\/v2\/types\/post"}],"author":[{"embeddable":true,"href":"https:\/\/www.visionweb.com.ar\/index.php?rest_route=\/wp\/v2\/users\/4"}],"replies":[{"embeddable":true,"href":"https:\/\/www.visionweb.com.ar\/index.php?rest_route=%2Fwp%2Fv2%2Fcomments&post=12225"}],"version-history":[{"count":1,"href":"https:\/\/www.visionweb.com.ar\/index.php?rest_route=\/wp\/v2\/posts\/12225\/revisions"}],"predecessor-version":[{"id":12227,"href":"https:\/\/www.visionweb.com.ar\/index.php?rest_route=\/wp\/v2\/posts\/12225\/revisions\/12227"}],"wp:featuredmedia":[{"embeddable":true,"href":"https:\/\/www.visionweb.com.ar\/index.php?rest_route=\/wp\/v2\/media\/12226"}],"wp:attachment":[{"href":"https:\/\/www.visionweb.com.ar\/index.php?rest_route=%2Fwp%2Fv2%2Fmedia&parent=12225"}],"wp:term":[{"taxonomy":"category","embeddable":true,"href":"https:\/\/www.visionweb.com.ar\/index.php?rest_route=%2Fwp%2Fv2%2Fcategories&post=12225"},{"taxonomy":"post_tag","embeddable":true,"href":"https:\/\/www.visionweb.com.ar\/index.php?rest_route=%2Fwp%2Fv2%2Ftags&post=12225"}],"curies":[{"name":"wp","href":"https:\/\/api.w.org\/{rel}","templated":true}]}}