{"id":12221,"date":"2023-10-18T12:49:03","date_gmt":"2023-10-18T15:49:03","guid":{"rendered":"https:\/\/www.visionweb.com.ar\/?p=12221"},"modified":"2023-10-18T12:49:03","modified_gmt":"2023-10-18T15:49:03","slug":"milei-sigue-en-modo-copia-fiel-a-un-ex-presidente","status":"publish","type":"post","link":"https:\/\/www.visionweb.com.ar\/?p=12221","title":{"rendered":"Milei sigue en modo \u201ccopia fiel\u201d a un ex presidente"},"content":{"rendered":"<p><strong><em>Dice que trajo ideas innovadoras aunque ya las practic\u00f3 Carlos M\u00e9nem en los 90. Ahora quiere privatizar los trenes. \u201cCuando ten\u00edamos el mejor sistema ferroviario del mundo era ingl\u00e9s\u201d, dijo el candidato de LLA.<\/em><\/strong><!--more--><\/p>\n<p><img loading=\"lazy\" decoding=\"async\" class=\"size-medium wp-image-12222 alignright\" src=\"https:\/\/www.visionweb.com.ar\/wp-content\/uploads\/2023\/10\/Milei-273x300.png\" alt=\"\" width=\"273\" height=\"300\" srcset=\"https:\/\/www.visionweb.com.ar\/wp-content\/uploads\/2023\/10\/Milei-273x300.png 273w, https:\/\/www.visionweb.com.ar\/wp-content\/uploads\/2023\/10\/Milei.png 409w\" sizes=\"auto, (max-width: 273px) 100vw, 273px\" \/>\u00a0 \u00a0<strong>A<\/strong> tres d\u00edas de las elecciones generales y en medio de la pol\u00e9mica por el boleto sin subsidios en las tarifas de transporte p\u00fablico, el candidato a presidente de La Libertad Avanza (LLA), <strong>Javier Milei<\/strong>, asegur\u00f3 que <strong>en caso de ser presidente privatizar\u00e1 el servicio de trenes<\/strong>.<\/p>\n<p>As\u00ed, el l\u00edder de La Libertad Avanza, en\u00a0declaraciones a Am\u00e9rica TV, esta ma\u00f1ana explic\u00f3: \u201cNo podemos seguir con estos niveles de d\u00e9ficit.\u00a0Y la realidad es que es un ox\u00edmoron tener un Estado empresario porque no cumple el rol de un empresario.\u00a0Deber\u00eda correrse el Estado del medio. Cuando lo hace el sector privado, lo hace mucho mejor\u201d.<\/p>\n<p>En ese marco, ante la consulta por si los trenes deber\u00edan dejar de ser p\u00fablicos, respondi\u00f3:\u00a0\u201cS\u00ed, absolutamente. De hecho <strong>cuando ten\u00edamos el mejor sistema ferroviario del mundo era ingl\u00e9s<\/strong>\u201d.<\/p>\n<p>Dijo en concreto que, <strong>en caso de acceder a la Casa Rosada, privatizar\u00eda el servicio de trenes<\/strong>, operado ahora por la empresa Trenes Argentinos, una sociedad del Estado, y sostuvo que\u00a0<strong>\u201csi no es rentable para el privado es porque no es deseable socialmente\u201d<\/strong>, sentenci\u00f3.<\/p>\n<p>De esta manera, el libertario pareci\u00f3 reflotar la pol\u00edtica del ex presidente Carlos Menem en los a\u00f1os \u201990, con esa idea que implement\u00f3 de <strong>\u201cramal que para, ramal que cierra\u201d<\/strong>, que fue con el mismo objetivo de reducir el d\u00e9ficit.<\/p>\n<p>Cabe recordar que <strong>cientos de localidades del interior del pa\u00eds quedaron totalmente aisladas<\/strong> por quedarse sin el servicio de trenes.<\/p>\n<p>Por otra parte, este mi\u00e9rcoles Milei har\u00e1 su cierre de campa\u00f1a en el Estadio Arenas de Villa Crespo, a las 19 horas. <strong>(VW)<\/strong><\/p>\n","protected":false},"excerpt":{"rendered":"<p>Dice que trajo ideas innovadoras aunque ya las practic\u00f3 Carlos M\u00e9nem en los 90. Ahora quiere privatizar los trenes. \u201cCuando ten\u00edamos el mejor sistema ferroviario del mundo era ingl\u00e9s\u201d, dijo el candidato de LLA.<\/p>\n","protected":false},"author":4,"featured_media":12222,"comment_status":"closed","ping_status":"closed","sticky":false,"template":"","format":"standard","meta":{"_monsterinsights_skip_tracking":false,"_monsterinsights_sitenote_active":false,"_monsterinsights_sitenote_note":"","_monsterinsights_sitenote_category":0,"footnotes":""},"categories":[4],"tags":[4530,5087],"class_list":["post-12221","post","type-post","status-publish","format-standard","has-post-thumbnail","hentry","category-politica","tag-milei","tag-privatizacion-de-trenes"],"_links":{"self":[{"href":"https:\/\/www.visionweb.com.ar\/index.php?rest_route=\/wp\/v2\/posts\/12221","targetHints":{"allow":["GET"]}}],"collection":[{"href":"https:\/\/www.visionweb.com.ar\/index.php?rest_route=\/wp\/v2\/posts"}],"about":[{"href":"https:\/\/www.visionweb.com.ar\/index.php?rest_route=\/wp\/v2\/types\/post"}],"author":[{"embeddable":true,"href":"https:\/\/www.visionweb.com.ar\/index.php?rest_route=\/wp\/v2\/users\/4"}],"replies":[{"embeddable":true,"href":"https:\/\/www.visionweb.com.ar\/index.php?rest_route=%2Fwp%2Fv2%2Fcomments&post=12221"}],"version-history":[{"count":1,"href":"https:\/\/www.visionweb.com.ar\/index.php?rest_route=\/wp\/v2\/posts\/12221\/revisions"}],"predecessor-version":[{"id":12223,"href":"https:\/\/www.visionweb.com.ar\/index.php?rest_route=\/wp\/v2\/posts\/12221\/revisions\/12223"}],"wp:featuredmedia":[{"embeddable":true,"href":"https:\/\/www.visionweb.com.ar\/index.php?rest_route=\/wp\/v2\/media\/12222"}],"wp:attachment":[{"href":"https:\/\/www.visionweb.com.ar\/index.php?rest_route=%2Fwp%2Fv2%2Fmedia&parent=12221"}],"wp:term":[{"taxonomy":"category","embeddable":true,"href":"https:\/\/www.visionweb.com.ar\/index.php?rest_route=%2Fwp%2Fv2%2Fcategories&post=12221"},{"taxonomy":"post_tag","embeddable":true,"href":"https:\/\/www.visionweb.com.ar\/index.php?rest_route=%2Fwp%2Fv2%2Ftags&post=12221"}],"curies":[{"name":"wp","href":"https:\/\/api.w.org\/{rel}","templated":true}]}}