{"id":12217,"date":"2023-10-18T11:17:04","date_gmt":"2023-10-18T14:17:04","guid":{"rendered":"https:\/\/www.visionweb.com.ar\/?p=12217"},"modified":"2023-10-18T11:21:18","modified_gmt":"2023-10-18T14:21:18","slug":"kicillof-llamo-a-votar-para-que-massa-sea-presidente","status":"publish","type":"post","link":"https:\/\/www.visionweb.com.ar\/?p=12217","title":{"rendered":"Kicillof llam\u00f3 a votar para que Massa sea presidente"},"content":{"rendered":"<p><em><strong>Fue en el acto del estadio de Arsenal, se prometieron apoyo mutuo y resaltaron la necesidad de gobiernos aliados en Naci\u00f3n y Provincia. Dijeron que Milei y Bullrich quieren \u00abeliminar derechos\u00bb.<\/strong><\/em><!--more--><\/p>\n<div id=\"attachment_12218\" style=\"width: 310px\" class=\"wp-caption alignright\"><img loading=\"lazy\" decoding=\"async\" aria-describedby=\"caption-attachment-12218\" class=\"wp-image-12218 size-medium\" src=\"https:\/\/www.visionweb.com.ar\/wp-content\/uploads\/2023\/10\/AXEL-Y-SERGIO-300x169.png\" alt=\"\" width=\"300\" height=\"169\" srcset=\"https:\/\/www.visionweb.com.ar\/wp-content\/uploads\/2023\/10\/AXEL-Y-SERGIO-300x169.png 300w, https:\/\/www.visionweb.com.ar\/wp-content\/uploads\/2023\/10\/AXEL-Y-SERGIO.png 640w\" sizes=\"auto, (max-width: 300px) 100vw, 300px\" \/><p id=\"caption-attachment-12218\" class=\"wp-caption-text\"><em><strong>El gobernador Axel Kicillof y el Ministro y candidato a la presidencia Sergio Massa en el acto de la cancha de Arsenal, Sarand\u00ed.<\/strong><\/em><\/p><\/div>\n<p><strong>E<\/strong>n el cierre de campa\u00f1a bonaerense, el gobernador Axel Kicillof atac\u00f3 con dureza a Javier Milei y a Patricia Bullrich, en sinton\u00eda con los anuncios del Ministro de Transporte, Diego Giuliano,\u00a0 a quienes acus\u00f3 de querer eliminar derechos y realiz\u00f3 un fuerte llamado a \u201cvotar la boleta completa\u201d de Uni\u00f3n por la Patria para que \u201cel domingo Sergio (Massa) sea Presidente\u201d.<\/p>\n<p>El ministro y postulante a la Casa Rosada le devolvi\u00f3 el apoyo y asegur\u00f3 que va a ganar y \u201cel 10 de diciembre\u201d lanzar\u00e1 \u201c10 pol\u00edticas de Estado\u201d y un gobierno de \u201cunidad nacional\u201d.<\/p>\n<p>Sin Cristina Kirchner ni Alberto Fern\u00e1ndez en un estadio de Arsenal de Sarand\u00ed, colmado de militantes , Kicillof y Massa se concentraron en criticar a los referentes opositores, al transmitir la idea de que el domingo se juegan la suerte juntos, de que no es viable un gobierno bonaerense\u00a0 encabezado por Kicillof reelecto y con un gobierno nacional en manos de algunas de La Libertad Avanza o de Juntos por el Cambio.<\/p>\n<p>En un pasaje dijo que \u201cnada de lo que tenemos como dificultades se resuelve con motosierra ni con dinamita\u201d, en clara alusi\u00f3n a Milei y Bullrich, para agregar enseguida que \u201cde la misma manera la Provincia de Buenos Aires no se salva sola. No alcanza con un gobierno local ni provincial, necesitamos un proyecto nacional que aguante los embates para disminuir los embates para disminuir el poder de compra de los trabajadores\u201d, dijo.<\/p>\n<p>Massa le retribuy\u00f3 cuando hizo el discurso de cierre: \u201csoy bonaerense por elecci\u00f3n y por condici\u00f3n. S\u00e9 que el domingo que gran parte del triunfo va a ser producto del esfuerzo, del trabajo y del resultado de los compa\u00f1eros y compa\u00f1eros de la provincia de Buenos Aires. Gracias Axel, de verdad, por el trabajo de estos meses\u201d, dijo. Antes, el gobernador hab\u00eda dicho: \u201cSergio te vamos a acompa\u00f1ar\u201d y hab\u00eda ampliado la convocado \u201cno solo a Uni\u00f3n por la Patria\u201d.<\/p>\n<p>El gobernador arranc\u00f3 con una fuerte cr\u00edtica a Milei y Bullrich: \u00a0\u201cMientras estamos ac\u00e1 otros candidatos proponen borrar las conquistas de Per\u00f3n, Evita, N\u00e9stor y Cristina.\u00a0No van a pasar\u201d, desafi\u00f3.<\/p>\n<p>El acto apunt\u00f3 tambi\u00e9n a recordar\u00a0 los 78 a\u00f1os del 17 de Octubre de 1945 cuando centenares de miles de argentinos y argentinas se movilizaron para liberar al entonces coronel detenido en la Isla Mart\u00edn Garc\u00eda, enumer\u00f3: \u201cEmpez\u00f3 creando los tribunales de trabajo, sigui\u00f3 reconociendo aguinaldo y vacaciones, continu\u00f3 con el estatuto del pe\u00f3n rural, subiendo salarios, fijando jornadas de ocho horas, indemnizaciones\u201d.<\/p>\n<p>Para Kicillof, \u201chay dos candidatos a presidente y presidenta que se han pasado atacando las conquistas del pueblo trabajador\u201d y \u201cproponen exterminar al peronismo\u201d y a \u201cla Justicia Social\u201d. \u201c\u00bfQu\u00e9 democracia es esa donde proponen con odio y violencia cuyo extremo fue el atentado contra la vida de Cristina y sigui\u00f3 con la proscripci\u00f3n de Cristina?\u201d, se pregunt\u00f3. \u201cNo respondemos con odio ni violencia. Respondemos con propuestas, organizaci\u00f3n, con amor y cuidando a nuestro pueblo\u201d, se\u00f1al\u00f3 el gobernador, que a diferencia de Massa nombr\u00f3 varias veces a Cristina Fern\u00e1ndez.<\/p>\n<p>Massa, por su parte, se mostr\u00f3 confiado: \u201cel domingo vamos a ganar\u201d, dijo y volvi\u00f3 a prometer un \u201cgobierno de unidad nacional\u201d, y agreg\u00f3 que lanzar\u00e1 diez pol\u00edticas de Estado.<\/p>\n<p>\u201cTuvimos que escuchar en esta campa\u00f1a como dos candidatos lastimaban a las familias cuyos seres queridos derramaron su sangre en las Malvinas\u201d. El candidato oficialista tambi\u00e9n se diferenci\u00f3 de sus rivales de cara a las elecciones del 22 de octubre con una defensa expl\u00edcita a \u201ca universidad y la educaci\u00f3n p\u00fablicas\u201d, expres\u00f3 el Minsitro y canidto a la presidencia por Uni\u00f3n por la Patria.<\/p>\n<p>Ni Masa ni Kicillof hicieron alusi\u00f3n al esc\u00e1ndalo del yate que eyect\u00f3 a Mart\u00edn Insaurralde de su gabinete. Pero afirm\u00f3: \u201cquiero agradecer al gabinete del gobierno de la provincia, que puso todo y reconstruy\u00f3 la confianza y la identidad del pueblo bonaerense\u201d. En primera final estaba su jefe de Asesores, Carlos Bianco, uno de sus hombres de mayor confianza, desplazado contra su voluntad cuando Insaurralde desembarc\u00f3 en el gobierno provincial tras la derrota electoral de 2021.<\/p>\n<p>En la platea tambi\u00e9n estuvieron algunos de los dirigentes sindicales de m\u00e1s peso, como Gerardo Mart\u00ednez y Hugo Moyano; referentes de las provincias como el tucumano Juan Manzur; y los intendentes del PJ bonaerense, entre ellos el matancero Fernando Espinoza y la quilme\u00f1a Mayra Mendoza. Uno que se llev\u00f3 muchas miradas fue el diputado M\u00e1ximo Kirchner, que tambi\u00e9n dijo presente (VW, con datos de la agencia DIB)<\/p>\n<p>&nbsp;<\/p>\n","protected":false},"excerpt":{"rendered":"<p>Fue en el acto del estadio de Arsenal, se prometieron apoyo mutuo y resaltaron la necesidad de gobiernos aliados en Naci\u00f3n y Provincia. Dijeron que Milei y Bullrich quieren \u00abeliminar derechos\u00bb.<\/p>\n","protected":false},"author":3,"featured_media":12218,"comment_status":"closed","ping_status":"closed","sticky":false,"template":"","format":"standard","meta":{"_monsterinsights_skip_tracking":false,"_monsterinsights_sitenote_active":false,"_monsterinsights_sitenote_note":"","_monsterinsights_sitenote_category":0,"footnotes":""},"categories":[4],"tags":[5085,504,340,5086,4530,871],"class_list":["post-12217","post","type-post","status-publish","format-standard","has-post-thumbnail","hentry","category-politica","tag-arsenal","tag-bullrich","tag-elecciones","tag-massa-kicillof","tag-milei","tag-subsidios"],"_links":{"self":[{"href":"https:\/\/www.visionweb.com.ar\/index.php?rest_route=\/wp\/v2\/posts\/12217","targetHints":{"allow":["GET"]}}],"collection":[{"href":"https:\/\/www.visionweb.com.ar\/index.php?rest_route=\/wp\/v2\/posts"}],"about":[{"href":"https:\/\/www.visionweb.com.ar\/index.php?rest_route=\/wp\/v2\/types\/post"}],"author":[{"embeddable":true,"href":"https:\/\/www.visionweb.com.ar\/index.php?rest_route=\/wp\/v2\/users\/3"}],"replies":[{"embeddable":true,"href":"https:\/\/www.visionweb.com.ar\/index.php?rest_route=%2Fwp%2Fv2%2Fcomments&post=12217"}],"version-history":[{"count":1,"href":"https:\/\/www.visionweb.com.ar\/index.php?rest_route=\/wp\/v2\/posts\/12217\/revisions"}],"predecessor-version":[{"id":12219,"href":"https:\/\/www.visionweb.com.ar\/index.php?rest_route=\/wp\/v2\/posts\/12217\/revisions\/12219"}],"wp:featuredmedia":[{"embeddable":true,"href":"https:\/\/www.visionweb.com.ar\/index.php?rest_route=\/wp\/v2\/media\/12218"}],"wp:attachment":[{"href":"https:\/\/www.visionweb.com.ar\/index.php?rest_route=%2Fwp%2Fv2%2Fmedia&parent=12217"}],"wp:term":[{"taxonomy":"category","embeddable":true,"href":"https:\/\/www.visionweb.com.ar\/index.php?rest_route=%2Fwp%2Fv2%2Fcategories&post=12217"},{"taxonomy":"post_tag","embeddable":true,"href":"https:\/\/www.visionweb.com.ar\/index.php?rest_route=%2Fwp%2Fv2%2Ftags&post=12217"}],"curies":[{"name":"wp","href":"https:\/\/api.w.org\/{rel}","templated":true}]}}