{"id":12212,"date":"2023-10-18T08:20:01","date_gmt":"2023-10-18T11:20:01","guid":{"rendered":"https:\/\/www.visionweb.com.ar\/?p=12212"},"modified":"2023-10-18T08:20:01","modified_gmt":"2023-10-18T11:20:01","slug":"la-plata-hoy-los-medicos-van-al-paro-y-piden-soluciones-urgentes","status":"publish","type":"post","link":"https:\/\/www.visionweb.com.ar\/?p=12212","title":{"rendered":"La Plata: Hoy los m\u00e9dicos van al paro y piden soluciones urgentes"},"content":{"rendered":"<p><em><strong>Los m\u00e9dicos privados no atender\u00e1n este mi\u00e9rcoles, pero s\u00ed habr\u00e1 atenci\u00f3n de guardias. La medida de fuerza se decidi\u00f3 tras un plenario realizado la semana pasada.<\/strong><\/em><!--more--><\/p>\n<p><img loading=\"lazy\" decoding=\"async\" class=\"size-medium wp-image-12213 alignright\" src=\"https:\/\/www.visionweb.com.ar\/wp-content\/uploads\/2023\/10\/agremiacion-medica-la-plata-300x86.png\" alt=\"\" width=\"300\" height=\"86\" srcset=\"https:\/\/www.visionweb.com.ar\/wp-content\/uploads\/2023\/10\/agremiacion-medica-la-plata-300x86.png 300w, https:\/\/www.visionweb.com.ar\/wp-content\/uploads\/2023\/10\/agremiacion-medica-la-plata.png 597w\" sizes=\"auto, (max-width: 300px) 100vw, 300px\" \/>\u00a0 <strong>P<\/strong>rofesionales de la salud de La Plata nucleados en la Agremiaci\u00f3n M\u00e9dica<strong>\u00a0(AMP)<\/strong>\u00a0iniciaron este mi\u00e9rcoles un paro de actividades por \u00abla situaci\u00f3n que atraviesa el sector privado de la salud a nivel regional\u00bb.<\/p>\n<p>Entre los principales reclamos, los profesionales de la salud resaltaron <strong>\u00abel desfasaje entre el ritmo inflacionario y la actualizaci\u00f3n de honorarios\u00bb, adem\u00e1s de \u00abla presi\u00f3n impositiva a la que se ven expuestos los m\u00e9dicos y m\u00e9dicas\u00bb.<\/strong>\u00a0A ello agregaron los \u00abd\u00e9bitos injustificados por parte de obras sociales y prepagas y el atraso en el pago por parte de muchas obras sociales, que demoran entre 60 y 90 d\u00edas\u201d.<\/p>\n<p>Con esta medida se ver\u00e1 afectada la atenci\u00f3n en cl\u00ednicas, sanatorios y consultorios privados, m\u00e1s all\u00e1 de que depender\u00e1 del grado de adhesi\u00f3n entre los afiliados a la agremiaci\u00f3n m\u00e9dica en cada centro de salud.<\/p>\n<p>D\u00edas atr\u00e1s, la entidad hab\u00eda manifestado el \u00abestado de alerta gremial,\u00bb porque \u00abel sistema est\u00e1 llegando a un punto en que no se puede sostener la atenci\u00f3n m\u00e9dica\u00bb.<\/p>\n<p><img loading=\"lazy\" decoding=\"async\" class=\"size-medium wp-image-39 alignleft\" src=\"https:\/\/www.visionweb.com.ar\/wp-content\/uploads\/2020\/07\/SOCIEDAD-MEDICOS-SALUD-300x150.png\" alt=\"\" width=\"300\" height=\"150\" srcset=\"https:\/\/www.visionweb.com.ar\/wp-content\/uploads\/2020\/07\/SOCIEDAD-MEDICOS-SALUD-300x150.png 300w, https:\/\/www.visionweb.com.ar\/wp-content\/uploads\/2020\/07\/SOCIEDAD-MEDICOS-SALUD.png 640w\" sizes=\"auto, (max-width: 300px) 100vw, 300px\" \/>Desde <strong>la AMP agregaron que se llega a esta medida tras varios intentos de negociaciones para evitarla<\/strong>.<\/p>\n<p>En ese sentido, el presidente de la entidad gremial, doctor Cesarini manifest\u00f3: \u201cLa medida no es m\u00e1s que lo surgido luego de un derrotero de meses en los que se plantearon sistem\u00e1ticamente las problem\u00e1ticas con el fin de poder abordarlos entre todos y darle soluci\u00f3n, cosa que no sucedi\u00f3\u00bb<\/p>\n<p>En esa l\u00ednea, el profesional asegur\u00f3 que \u00abhoy la situaci\u00f3n nos pone en una realidad en la que trabajar se torna imposible\u201d.<\/p>\n<p>En comunicados anteriores desde la Agremiaci\u00f3n ya hab\u00edan cuestionado la falta de actualizaci\u00f3n de honorarios y el atraso en los pagos, que alcanzan a veces los 60-90 d\u00edas.<\/p>\n<p>De igual forma advirtieron que no s\u00f3lo es un problema de honorarios, ya que \u00abel valor que se percibe en conceptos de gastos (los cuales en su mayor\u00eda son en d\u00f3lares) hacen <strong>imposible la realizaci\u00f3n de estudios y pr\u00e1cticas<\/strong>\u00ab. <strong>(VW)<\/strong><\/p>\n","protected":false},"excerpt":{"rendered":"<p>Los m\u00e9dicos privados no atender\u00e1n este mi\u00e9rcoles, pero s\u00ed habr\u00e1 atenci\u00f3n de guardias. La medida de fuerza se decidi\u00f3 tras un plenario realizado la semana pasada.<\/p>\n","protected":false},"author":4,"featured_media":39,"comment_status":"closed","ping_status":"closed","sticky":false,"template":"","format":"standard","meta":{"_monsterinsights_skip_tracking":false,"_monsterinsights_sitenote_active":false,"_monsterinsights_sitenote_note":"","_monsterinsights_sitenote_category":0,"footnotes":""},"categories":[8,5],"tags":[3734,5083,5084,252],"class_list":["post-12212","post","type-post","status-publish","format-standard","has-post-thumbnail","hentry","category-interes-general","category-sociedad","tag-amp","tag-asociacion-medica-platense","tag-medicos-privados","tag-paro"],"_links":{"self":[{"href":"https:\/\/www.visionweb.com.ar\/index.php?rest_route=\/wp\/v2\/posts\/12212","targetHints":{"allow":["GET"]}}],"collection":[{"href":"https:\/\/www.visionweb.com.ar\/index.php?rest_route=\/wp\/v2\/posts"}],"about":[{"href":"https:\/\/www.visionweb.com.ar\/index.php?rest_route=\/wp\/v2\/types\/post"}],"author":[{"embeddable":true,"href":"https:\/\/www.visionweb.com.ar\/index.php?rest_route=\/wp\/v2\/users\/4"}],"replies":[{"embeddable":true,"href":"https:\/\/www.visionweb.com.ar\/index.php?rest_route=%2Fwp%2Fv2%2Fcomments&post=12212"}],"version-history":[{"count":1,"href":"https:\/\/www.visionweb.com.ar\/index.php?rest_route=\/wp\/v2\/posts\/12212\/revisions"}],"predecessor-version":[{"id":12214,"href":"https:\/\/www.visionweb.com.ar\/index.php?rest_route=\/wp\/v2\/posts\/12212\/revisions\/12214"}],"wp:featuredmedia":[{"embeddable":true,"href":"https:\/\/www.visionweb.com.ar\/index.php?rest_route=\/wp\/v2\/media\/39"}],"wp:attachment":[{"href":"https:\/\/www.visionweb.com.ar\/index.php?rest_route=%2Fwp%2Fv2%2Fmedia&parent=12212"}],"wp:term":[{"taxonomy":"category","embeddable":true,"href":"https:\/\/www.visionweb.com.ar\/index.php?rest_route=%2Fwp%2Fv2%2Fcategories&post=12212"},{"taxonomy":"post_tag","embeddable":true,"href":"https:\/\/www.visionweb.com.ar\/index.php?rest_route=%2Fwp%2Fv2%2Ftags&post=12212"}],"curies":[{"name":"wp","href":"https:\/\/api.w.org\/{rel}","templated":true}]}}