{"id":12210,"date":"2023-10-17T14:02:00","date_gmt":"2023-10-17T17:02:00","guid":{"rendered":"https:\/\/www.visionweb.com.ar\/?p=12210"},"modified":"2023-10-17T14:02:00","modified_gmt":"2023-10-17T17:02:00","slug":"ahora-se-podra-renunciar-al-subsidio-de-tarifas-del-transporte-publico","status":"publish","type":"post","link":"https:\/\/www.visionweb.com.ar\/?p=12210","title":{"rendered":"Ahora se podr\u00e1 renunciar al subsidio de tarifas del transporte p\u00fablico"},"content":{"rendered":"<p><em><strong>La medida busca lograr redistribuir los ingresos hacia personas con mayor nivel de vulnerabilidad.\u00a0La tarifa de colectivos sin subsidio ser\u00eda de $ 700, y\u00a0entrar\u00e1 en vigencia desde el 27 de octubre.<\/strong><\/em><!--more--><\/p>\n<p><strong><img loading=\"lazy\" decoding=\"async\" class=\"size-medium wp-image-11531 alignright\" src=\"https:\/\/www.visionweb.com.ar\/wp-content\/uploads\/2023\/08\/a-sube-283x300.png\" alt=\"\" width=\"283\" height=\"300\" srcset=\"https:\/\/www.visionweb.com.ar\/wp-content\/uploads\/2023\/08\/a-sube-283x300.png 283w, https:\/\/www.visionweb.com.ar\/wp-content\/uploads\/2023\/08\/a-sube.png 352w\" sizes=\"auto, (max-width: 283px) 100vw, 283px\" \/>\u00a0\u00a0 E<\/strong>l ministro de Transporte, Diego Giuliano,\u00a0<strong>anunci\u00f3 ayer lunes que se podr\u00e1 renunciar a los subsidios aplicados en las tarifas de transporte p\u00fablico y as\u00ed abonar la tarifa plena<\/strong>, modo que permitir\u00eda que esos subsidios sean derivados a los sectores de mayores necesidades.<\/p>\n<p>La alternativa estar\u00e1 disponible para usuarios de colectivos y trenes de jurisdicci\u00f3n nacional y<strong>\u00a0se podr\u00e1 gestionar desde el 20 de octubre a trav\u00e9s de la web\u00a0<\/strong><strong><a href=\"http:\/\/argentina.gob.ar\/SUBE\">argentina.gob.ar\/SUBE<\/a><\/strong>.<\/p>\n<p>De acuerdo a lo manifestado por Giuliano, la medida busca \u201clograr una redistribuci\u00f3n del ingreso a favor de los sectores de la poblaci\u00f3n que se encuentran en una situaci\u00f3n de mayor vulnerabilidad\u201d y\u00a0<strong>entrar\u00e1 en vigencia desde el 27 de octubre.<\/strong><\/p>\n<p>En el caso de los colectivos, y <strong>hasta que los datos de la renuncia sean procesados<\/strong>, tambi\u00e9n<strong> se podr\u00e1 solicitar al chofer abonar la tarifa plena.<\/strong><\/p>\n<p>\u00abEs una opci\u00f3n que damos a los pasajeros a trav\u00e9s de una resoluci\u00f3n que emitimos hoy, y se da en un momento en que se plantea que los subsidios al transporte no son necesarios, por lo que le damos la posibilidad a los usuarios para que renuncien a ese subsidio y abonen la tarifa plena\u00bb, sostuvo el ministro.<\/p>\n<p>Aclar\u00f3 que \u00abel subsidio al transporte es una pol\u00edtica de Estado que nosotros mantenemos porque tiene varias aristas que nos parecen beneficiosas para la poblaci\u00f3n, pero m\u00e1s all\u00e1 de este sostenimiento y porque <strong>est\u00e1 en debate p\u00fablico si ese subsidio se sostiene o no<\/strong>, decidimos que cada usuario pueda optar por renunciar a ese subsidio\u00bb.<\/p>\n<p>Del anuncio tambi\u00e9n participaron la secretaria de Gesti\u00f3n de Transporte, Jimena L\u00f3pez, y el subsecretario de Pol\u00edtica Econ\u00f3mica y Financiera de Transporte, Carlos Vittor.<\/p>\n<p><strong>El tr\u00e1mite de renuncia:<\/strong> Para efectuar la renuncia al subsidio, es necesario tener la SUBE registrada con los datos correspondientes.<\/p>\n<p>Cada usuario deber\u00e1 inscribirse en caso de querer renunciar a la tarifa subsidiada al transporte p\u00fablico.<\/p>\n<p>Luego, deber\u00e1 completar el formulario de renuncia al subsidio que se va a encontrar en la web de SUBE (argentina.gob.ar\/SUBE).<\/p>\n<p>El mismo\u00a0<strong>tiene validez como declaraci\u00f3n jurada y estar\u00e1 disponible desde el 20 de octubre<\/strong>.<\/p>\n<p>Adem\u00e1s, hasta que la informaci\u00f3n sea procesada, los usuarios de colectivos podr\u00e1n solicitar al conductor de la unidad pagar la tarifa plena sin subsidio.<\/p>\n<p>Finalmente,\u00a0<strong>desde el 27 de octubre el cobro sin subsidio para quienes completaron el formulario ser\u00e1 autom\u00e1tico<\/strong>.<\/p>\n<p><strong>La medida alcanza a los usuarios de transporte automotor de las l\u00edneas de jurisdicci\u00f3n nacional y de transporte ferroviario en el \u00c1rea Metropolitana de Buenos Aires. <\/strong>Tambi\u00e9n a los usuarios de l\u00edneas de urbanas interjurisdiccionales de jurisdicci\u00f3n nacional.<\/p>\n<p>Para\u00a0<strong>trenes\u00a0<\/strong>los valores del pasaje actuales con subsidio son entre $ 11,57 y $ 52,95 (AMBA); $ 79 (regional de Salta); $ 105 (Resistencia \u2013 Los Amores, Chaco); $ 180 (Rosario- Ca\u00f1ada de G\u00f3mez, Santa Fe).<\/p>\n<p><strong>Mientras que el precio sin subsidio ronda desde los $ 655 hasta $ 1.100.<\/strong><\/p>\n<p>En <strong>colectivos<\/strong>, puntualmente en el \u00c1rea Metropolitana,<strong>\u00a0el valor del pasaje con subsidio es de m\u00ednima $ 52,96 \u2013 m\u00e1xima $ 72,61. En este caso el valor de la tarifa sin subsidio ser\u00eda de $ 700.<\/strong><\/p>\n<p>En aquellas localidades con servicios ferroviarios tanto regionales, interjurisdiccionales como de larga distancia y que no cuenten con SUBE, podr\u00e1n manifestar dicha renuncia al momento de adquirir el pasaje. <strong>(VW)<\/strong><\/p>\n","protected":false},"excerpt":{"rendered":"<p>La medida busca lograr redistribuir los ingresos hacia personas con mayor nivel de vulnerabilidad.\u00a0La tarifa de colectivos sin subsidio ser\u00eda de $ 700, y\u00a0entrar\u00e1 en vigencia desde el 27 de octubre.<\/p>\n","protected":false},"author":4,"featured_media":11531,"comment_status":"closed","ping_status":"closed","sticky":false,"template":"","format":"standard","meta":{"_monsterinsights_skip_tracking":false,"_monsterinsights_sitenote_active":false,"_monsterinsights_sitenote_note":"","_monsterinsights_sitenote_category":0,"footnotes":""},"categories":[8],"tags":[705,4798,5081,5082,1817],"class_list":["post-12210","post","type-post","status-publish","format-standard","has-post-thumbnail","hentry","category-interes-general","tag-colectivos","tag-diego-giuliano","tag-ministro-de-transporte","tag-renunciar-al-subsidio","tag-sube"],"_links":{"self":[{"href":"https:\/\/www.visionweb.com.ar\/index.php?rest_route=\/wp\/v2\/posts\/12210","targetHints":{"allow":["GET"]}}],"collection":[{"href":"https:\/\/www.visionweb.com.ar\/index.php?rest_route=\/wp\/v2\/posts"}],"about":[{"href":"https:\/\/www.visionweb.com.ar\/index.php?rest_route=\/wp\/v2\/types\/post"}],"author":[{"embeddable":true,"href":"https:\/\/www.visionweb.com.ar\/index.php?rest_route=\/wp\/v2\/users\/4"}],"replies":[{"embeddable":true,"href":"https:\/\/www.visionweb.com.ar\/index.php?rest_route=%2Fwp%2Fv2%2Fcomments&post=12210"}],"version-history":[{"count":1,"href":"https:\/\/www.visionweb.com.ar\/index.php?rest_route=\/wp\/v2\/posts\/12210\/revisions"}],"predecessor-version":[{"id":12211,"href":"https:\/\/www.visionweb.com.ar\/index.php?rest_route=\/wp\/v2\/posts\/12210\/revisions\/12211"}],"wp:featuredmedia":[{"embeddable":true,"href":"https:\/\/www.visionweb.com.ar\/index.php?rest_route=\/wp\/v2\/media\/11531"}],"wp:attachment":[{"href":"https:\/\/www.visionweb.com.ar\/index.php?rest_route=%2Fwp%2Fv2%2Fmedia&parent=12210"}],"wp:term":[{"taxonomy":"category","embeddable":true,"href":"https:\/\/www.visionweb.com.ar\/index.php?rest_route=%2Fwp%2Fv2%2Fcategories&post=12210"},{"taxonomy":"post_tag","embeddable":true,"href":"https:\/\/www.visionweb.com.ar\/index.php?rest_route=%2Fwp%2Fv2%2Ftags&post=12210"}],"curies":[{"name":"wp","href":"https:\/\/api.w.org\/{rel}","templated":true}]}}