{"id":12203,"date":"2023-10-17T10:13:42","date_gmt":"2023-10-17T13:13:42","guid":{"rendered":"https:\/\/www.visionweb.com.ar\/?p=12203"},"modified":"2023-10-17T10:13:42","modified_gmt":"2023-10-17T13:13:42","slug":"mas-de-160-mil-personas-visitaron-mar-del-plata-durante-el-fin-de-semana-largo","status":"publish","type":"post","link":"https:\/\/www.visionweb.com.ar\/?p=12203","title":{"rendered":"M\u00e1s de 160 mil personas visitaron Mar del Plata durante el fin de semana largo"},"content":{"rendered":"<p><em><strong>La Asociaci\u00f3n Empresaria Hotelera Gastron\u00f3mica (Aehg) de esa ciudad balnearia inform\u00f3 que la ocupaci\u00f3n hotelera estuvo por encima del 90 por ciento este fin de semana extralargo,<\/strong><\/em><!--more--><\/p>\n<p><strong>E<\/strong>l Ente Municipal de Turismo y Cultura (Emturyc) inform\u00f3 que\u00a0<strong><img loading=\"lazy\" decoding=\"async\" class=\"size-medium wp-image-12208 alignright\" src=\"https:\/\/www.visionweb.com.ar\/wp-content\/uploads\/2023\/10\/MDQ-300x152.png\" alt=\"\" width=\"300\" height=\"152\" srcset=\"https:\/\/www.visionweb.com.ar\/wp-content\/uploads\/2023\/10\/MDQ-300x152.png 300w, https:\/\/www.visionweb.com.ar\/wp-content\/uploads\/2023\/10\/MDQ.png 640w\" sizes=\"auto, (max-width: 300px) 100vw, 300px\" \/><\/strong><\/p>\n<p>Mar del Plata recibi\u00f3 m\u00e1s de 160.403 turistas durante el fin de semana largo, por lo que fue la ciudad m\u00e1s elegida por los argentinos.<\/p>\n<p>\u201cDurante el fin de semana largo llegaron 160.403 turistas y si tenemos en cuenta la semana completa, el numero asciende a 213.705 visitantes. En este 2023, desde el 1\u00b0 de enero al 15 de octubre, visitaron la ciudad 7.380.588 personas, lo que significa un 5,9% m\u00e1s que el mismo per\u00edodo de 2022\u201d, puntualiz\u00f3 un comunicado.<\/p>\n<p>El presidente del Ente Municipal de Turismo y Cultura, Bernardo Mart\u00edn, se\u00f1al\u00f3 que \u201cel flujo tur\u00edstico que tuvimos demuestra que Mar del Plata sigue siendo la m\u00e1s elegida del pa\u00eds y refleja la consolidaci\u00f3n de una ciudad de 12 meses\u201d.<\/p>\n<p>\u201cTodos los rubros han funcionado muy bien: la hoteler\u00eda, la gastronom\u00eda y la recreaci\u00f3n. Hemos visto en la ciudad muchas familias disfrutando y hay que tener en cuenta que -si bien fue un fin de semana extra largo- tuvimos el d\u00eda de la madre que es sin dudas una fecha que resiente el arribo de turistas\u201d, subray\u00f3 Mart\u00edn.<\/p>\n<p>La Asociaci\u00f3n Empresaria Hotelera Gastron\u00f3mica (Aehg) de esa ciudad balnearia inform\u00f3 que la ocupaci\u00f3n hotelera estuvo por encima del 90 por ciento este fin de semana extralargo, con fuerte incidencia del programa nacional PreViaje.<\/p>\n<p>Tras ubicar \u201cpor encima del 90%\u201d la ocupaci\u00f3n hotelera en Mar del Plata, la Aehg expres\u00f3 su satisfacci\u00f3n por esta gran afluencia de turistas a esta ciudad de la costa atl\u00e1ntica, que se vio \u201cen las calles\u201d<strong>(VW)<\/strong><\/p>\n","protected":false},"excerpt":{"rendered":"<p>La Asociaci\u00f3n Empresaria Hotelera Gastron\u00f3mica (Aehg) de esa ciudad balnearia inform\u00f3 que la ocupaci\u00f3n hotelera estuvo por encima del 90 por ciento este fin de semana extralargo,<\/p>\n","protected":false},"author":3,"featured_media":12208,"comment_status":"closed","ping_status":"closed","sticky":false,"template":"","format":"standard","meta":{"_monsterinsights_skip_tracking":false,"_monsterinsights_sitenote_active":false,"_monsterinsights_sitenote_note":"","_monsterinsights_sitenote_category":0,"footnotes":""},"categories":[700],"tags":[],"class_list":["post-12203","post","type-post","status-publish","format-standard","has-post-thumbnail","hentry","category-turismo"],"_links":{"self":[{"href":"https:\/\/www.visionweb.com.ar\/index.php?rest_route=\/wp\/v2\/posts\/12203","targetHints":{"allow":["GET"]}}],"collection":[{"href":"https:\/\/www.visionweb.com.ar\/index.php?rest_route=\/wp\/v2\/posts"}],"about":[{"href":"https:\/\/www.visionweb.com.ar\/index.php?rest_route=\/wp\/v2\/types\/post"}],"author":[{"embeddable":true,"href":"https:\/\/www.visionweb.com.ar\/index.php?rest_route=\/wp\/v2\/users\/3"}],"replies":[{"embeddable":true,"href":"https:\/\/www.visionweb.com.ar\/index.php?rest_route=%2Fwp%2Fv2%2Fcomments&post=12203"}],"version-history":[{"count":1,"href":"https:\/\/www.visionweb.com.ar\/index.php?rest_route=\/wp\/v2\/posts\/12203\/revisions"}],"predecessor-version":[{"id":12209,"href":"https:\/\/www.visionweb.com.ar\/index.php?rest_route=\/wp\/v2\/posts\/12203\/revisions\/12209"}],"wp:featuredmedia":[{"embeddable":true,"href":"https:\/\/www.visionweb.com.ar\/index.php?rest_route=\/wp\/v2\/media\/12208"}],"wp:attachment":[{"href":"https:\/\/www.visionweb.com.ar\/index.php?rest_route=%2Fwp%2Fv2%2Fmedia&parent=12203"}],"wp:term":[{"taxonomy":"category","embeddable":true,"href":"https:\/\/www.visionweb.com.ar\/index.php?rest_route=%2Fwp%2Fv2%2Fcategories&post=12203"},{"taxonomy":"post_tag","embeddable":true,"href":"https:\/\/www.visionweb.com.ar\/index.php?rest_route=%2Fwp%2Fv2%2Ftags&post=12203"}],"curies":[{"name":"wp","href":"https:\/\/api.w.org\/{rel}","templated":true}]}}