{"id":12192,"date":"2023-10-16T09:42:34","date_gmt":"2023-10-16T12:42:34","guid":{"rendered":"https:\/\/www.visionweb.com.ar\/?p=12192"},"modified":"2023-10-16T09:42:34","modified_gmt":"2023-10-16T12:42:34","slug":"futbol-talleres-de-remedios-de-escalada-juega-hoy-la-primera-final-para-ascender","status":"publish","type":"post","link":"https:\/\/www.visionweb.com.ar\/?p=12192","title":{"rendered":"F\u00fatbol: Talleres de Remedios de Escalada juega hoy la primera final para ascender"},"content":{"rendered":"<p><em><strong>El encuentro ser\u00e1 con San Miguel en el Pablo Comelli de Escalada. Mientras que el partido de vuelta se jugar\u00eda durante el fin de semana del 28 y 29 de octubre en Los Polvorines. Ambos buscar\u00e1n subir al Nacional.<\/strong><\/em><!--more--><\/p>\n<p><strong> <img loading=\"lazy\" decoding=\"async\" class=\"size-medium wp-image-12193 alignright\" src=\"https:\/\/www.visionweb.com.ar\/wp-content\/uploads\/2023\/10\/talleres-de-remedios-de-escalada-300x190.png\" alt=\"\" width=\"300\" height=\"190\" srcset=\"https:\/\/www.visionweb.com.ar\/wp-content\/uploads\/2023\/10\/talleres-de-remedios-de-escalada-300x190.png 300w, https:\/\/www.visionweb.com.ar\/wp-content\/uploads\/2023\/10\/talleres-de-remedios-de-escalada.png 546w\" sizes=\"auto, (max-width: 300px) 100vw, 300px\" \/>\u00a0 E<\/strong>ste\u00a0<strong>lunes a las 17.45 se jugar\u00e1 la primera final entre Talleres de Remedios de Escalada y San Miguel\u00a0<\/strong>para definir el campe\u00f3n de la Primera B, y cumplir con el sue\u00f1o de regresar al Nacional.<\/p>\n<p>El\u00a0encuentro<strong> de esta primera final\u00a0<\/strong>ser\u00e1 en el estadio <strong>Pablo Comelli, <\/strong>y tendr\u00e1 su revancha en cancha de San Miguel en Los Polvorines con horario y d\u00eda a definir, aunque se estima que ser\u00e1 el \u00faltimo fin de semana de octubre.<\/p>\n<p>De este modo, San Miguel, ganador del Apertura, deber\u00e1 llegarse hasta el Sur donde lo espera Talleres, el vencedor del Clausura.<\/p>\n<p>El equipo que<strong> pierda esta final, deber\u00e1 bajar al Reducido para seguir peleando<\/strong>\u00a0por el segundo ascenso.<\/p>\n<p>El encuentro<strong>\u00a0<\/strong>ser\u00e1 televisado por la se\u00f1al de TyC Sports y contar\u00e1 con el arbitraje de Felipe Viola\u00a0quien estar\u00e1 acompa\u00f1ado por Erik Grunman, Uriel Garc\u00eda Leri, y Marcos Recalde.<\/p>\n<p>Viola, dirigi\u00f3 cinco veces a Talleres que gan\u00f3 de esos partidos; igual\u00f3 uno, y perdi\u00f3 los dos restantes.<\/p>\n<p>En los encuentros en la fase regular, en\u00a0<strong>Remedios de Escalada igualaron 1 a 1 por el Apertura<\/strong>, mientras que el partido que se jug\u00f3 en Los Polvorines qued\u00f3 a favor del Trueno Verde por 2 a 1.<\/p>\n<p>Tras un Clausura arrollador,\u00a0<strong>el Albirrojo intentar\u00e1 cumplir con un sue\u00f1o que lleva casi tres d\u00e9cadas:\u00a0<\/strong>regresar a la segunda divisi\u00f3n del f\u00fabol tricampe\u00f3n del Mundo, donde jug\u00f3 hasta la temporada 1994\/95.<\/p>\n<p>Enfrente, el Trueno Verde, el equipo que no s\u00f3lo\u00a0gan\u00f3 m\u00e1s partidos de la competencia sino que, adem\u00e1s fue el m\u00e1s goleador en la tabla general.<\/p>\n<p>Talleres se consagr\u00f3 en el Clausura tras sumar\u00a0<strong>37 unidades producto de once victorias, cuatro empates y, apenas, una sola derrota\u00a0<\/strong>mientras que en la General, finaliz\u00f3 segundo con 58 unidades, dos puntos por debajo de San Miguel.<\/p>\n<p>Por otra parte,\u00a0<strong>se prev\u00e9 que el partido de vuelta se juegue en el fin de semana del 28 y 29 de octubre en Los Polvorines<\/strong>, pues desde San Miguel afirman que el complejo Ol\u00edmpico Malvinas Argentinas contar\u00e1 con las garant\u00edas solicitadas para poder ser el escenario de la segunda final. <strong>(VW)<\/strong><\/p>\n","protected":false},"excerpt":{"rendered":"<p>El encuentro ser\u00e1 con San Miguel en el Pablo Comelli de Escalada. Mientras que el partido de vuelta se jugar\u00eda durante el fin de semana del 28 y 29 de octubre en Los Polvorines.&#46;&#46;&#46;<\/p>\n","protected":false},"author":4,"featured_media":12193,"comment_status":"closed","ping_status":"closed","sticky":false,"template":"","format":"standard","meta":{"_monsterinsights_skip_tracking":false,"_monsterinsights_sitenote_active":false,"_monsterinsights_sitenote_note":"","_monsterinsights_sitenote_category":0,"footnotes":""},"categories":[8],"tags":[5079,5078,5077,4559],"class_list":["post-12192","post","type-post","status-publish","format-standard","has-post-thumbnail","hentry","category-interes-general","tag-estadio-pablo-comelli","tag-llegar-al-nacional","tag-primera-final","tag-talleres-de-remedios-de-escalada"],"_links":{"self":[{"href":"https:\/\/www.visionweb.com.ar\/index.php?rest_route=\/wp\/v2\/posts\/12192","targetHints":{"allow":["GET"]}}],"collection":[{"href":"https:\/\/www.visionweb.com.ar\/index.php?rest_route=\/wp\/v2\/posts"}],"about":[{"href":"https:\/\/www.visionweb.com.ar\/index.php?rest_route=\/wp\/v2\/types\/post"}],"author":[{"embeddable":true,"href":"https:\/\/www.visionweb.com.ar\/index.php?rest_route=\/wp\/v2\/users\/4"}],"replies":[{"embeddable":true,"href":"https:\/\/www.visionweb.com.ar\/index.php?rest_route=%2Fwp%2Fv2%2Fcomments&post=12192"}],"version-history":[{"count":1,"href":"https:\/\/www.visionweb.com.ar\/index.php?rest_route=\/wp\/v2\/posts\/12192\/revisions"}],"predecessor-version":[{"id":12194,"href":"https:\/\/www.visionweb.com.ar\/index.php?rest_route=\/wp\/v2\/posts\/12192\/revisions\/12194"}],"wp:featuredmedia":[{"embeddable":true,"href":"https:\/\/www.visionweb.com.ar\/index.php?rest_route=\/wp\/v2\/media\/12193"}],"wp:attachment":[{"href":"https:\/\/www.visionweb.com.ar\/index.php?rest_route=%2Fwp%2Fv2%2Fmedia&parent=12192"}],"wp:term":[{"taxonomy":"category","embeddable":true,"href":"https:\/\/www.visionweb.com.ar\/index.php?rest_route=%2Fwp%2Fv2%2Fcategories&post=12192"},{"taxonomy":"post_tag","embeddable":true,"href":"https:\/\/www.visionweb.com.ar\/index.php?rest_route=%2Fwp%2Fv2%2Ftags&post=12192"}],"curies":[{"name":"wp","href":"https:\/\/api.w.org\/{rel}","templated":true}]}}