{"id":12187,"date":"2023-10-13T13:47:03","date_gmt":"2023-10-13T16:47:03","guid":{"rendered":"https:\/\/www.visionweb.com.ar\/?p=12187"},"modified":"2023-10-13T13:47:03","modified_gmt":"2023-10-13T16:47:03","slug":"kicillof-convoca-a-docentes-y-estatales-para-discutir-los-salarios","status":"publish","type":"post","link":"https:\/\/www.visionweb.com.ar\/?p=12187","title":{"rendered":"Kicillof convoca a docentes y estatales para discutir los salarios"},"content":{"rendered":"<p><em><strong>Luego del pedido de los gremios de estatales y docentes, se iniciar\u00e1 una nueva ronda de discusiones para ajustar los salarios.<\/strong><\/em> <!--more--><\/p>\n<p><img loading=\"lazy\" decoding=\"async\" class=\"size-medium wp-image-7706 alignright\" src=\"https:\/\/www.visionweb.com.ar\/wp-content\/uploads\/2022\/10\/Docentes-y-estatales-reciben-aumento-de-8-puntos-300x174.jpg\" alt=\"\" width=\"300\" height=\"174\" srcset=\"https:\/\/www.visionweb.com.ar\/wp-content\/uploads\/2022\/10\/Docentes-y-estatales-reciben-aumento-de-8-puntos-300x174.jpg 300w, https:\/\/www.visionweb.com.ar\/wp-content\/uploads\/2022\/10\/Docentes-y-estatales-reciben-aumento-de-8-puntos.jpg 640w\" sizes=\"auto, (max-width: 300px) 100vw, 300px\" \/>El Gobierno bonaerense convoc\u00f3 a los sindicatos que representan a docentes y a trabajadores estatales a rediscutir salarios el pr\u00f3ximo mi\u00e9rcoles 18 de octubre, luego del pedido que ven\u00edan realizando los gremios tras la escalada del d\u00f3lar blue y al conocerse la cifra de inflaci\u00f3n de septiembre, que sum\u00f3 12,7%.<\/p>\n<p>La administraci\u00f3n de Axel Kicillof\u00a0 ya hab\u00eda anunciado el mes pasado un incremento adicional del 10% para los trabajadores estatales y docentes por septiembre (ya hab\u00edan acordado un 15%), completando un 25% en promedio para todas los trabajadores provinciales.<\/p>\n<p>Sin embargo, tras conocerse un nuevo \u00edndice de inflaci\u00f3n de dos d\u00edgitos, que a su vez acumula 103% en lo que va del a\u00f1o y una acumulaci\u00f3n interanual del 138,3%, el Gobierno volvi\u00f3 a convocar a los gremios a paritarias, se\u00f1alaron fuentes provinciales.<\/p>\n<p>Esta semana, el Frente de Unidad Docente Bonaerense (FUDB) hab\u00eda enviado una nota al ministro de Trabajo, Walter Correa, pidiendo a las autoridades bonaerenses cumplir con \u201cel compromiso de llevar a cabo la reapertura de la misma- por las paritarias- en el mes de octubre\u201d.<\/p>\n<p>\u201cLa reapertura se hace necesaria de manera urgente dada la situaci\u00f3n inflacionaria, agravada por la especulaci\u00f3n de sectores que impulsan desajustes econ\u00f3micos y financieros que perjudican los salarios de los trabajadores y que las organizaciones rechazamos categ\u00f3ricamente\u201d dijeron desde los gremios .<\/p>\n<p>Asimismo, tambi\u00e9n a trav\u00e9s de una carta dirigida al ministro de Trabajo, la Asociaci\u00f3n de Trabajadores del Estado (ATE) hab\u00eda solicitado \u201ccon car\u00e1cter de urgente, la convocatoria a negociaci\u00f3n paritaria\u201d, con el objetivo de discutir \u201cun nuevo porcentaje de incremento salarial para los trabajadores incluidos en el marco de la Ley N\u00ba 10.430 y dem\u00e1s reg\u00edmenes especiales de la administraci\u00f3n p\u00fablica bonaerense\u201d.<\/p>\n<p>En ese sentido, indicaron que lo requerido se fundamenta en \u201cla cl\u00e1usula de monitoreo, seguimiento y apertura\u201d y \u201cel compromiso de la reapertura de la negociaci\u00f3n salarial para el mes de octubre\u201d<strong>(VW)<\/strong><\/p>\n","protected":false},"excerpt":{"rendered":"<p>Luego del pedido de los gremios de estatales y docentes, se iniciar\u00e1 una nueva ronda de discusiones para ajustar los salarios.<\/p>\n","protected":false},"author":3,"featured_media":7706,"comment_status":"closed","ping_status":"closed","sticky":false,"template":"","format":"standard","meta":{"_monsterinsights_skip_tracking":false,"_monsterinsights_sitenote_active":false,"_monsterinsights_sitenote_note":"","_monsterinsights_sitenote_category":0,"footnotes":""},"categories":[4],"tags":[410,1907,57],"class_list":["post-12187","post","type-post","status-publish","format-standard","has-post-thumbnail","hentry","category-politica","tag-docentes","tag-estatales","tag-gremios"],"_links":{"self":[{"href":"https:\/\/www.visionweb.com.ar\/index.php?rest_route=\/wp\/v2\/posts\/12187","targetHints":{"allow":["GET"]}}],"collection":[{"href":"https:\/\/www.visionweb.com.ar\/index.php?rest_route=\/wp\/v2\/posts"}],"about":[{"href":"https:\/\/www.visionweb.com.ar\/index.php?rest_route=\/wp\/v2\/types\/post"}],"author":[{"embeddable":true,"href":"https:\/\/www.visionweb.com.ar\/index.php?rest_route=\/wp\/v2\/users\/3"}],"replies":[{"embeddable":true,"href":"https:\/\/www.visionweb.com.ar\/index.php?rest_route=%2Fwp%2Fv2%2Fcomments&post=12187"}],"version-history":[{"count":1,"href":"https:\/\/www.visionweb.com.ar\/index.php?rest_route=\/wp\/v2\/posts\/12187\/revisions"}],"predecessor-version":[{"id":12188,"href":"https:\/\/www.visionweb.com.ar\/index.php?rest_route=\/wp\/v2\/posts\/12187\/revisions\/12188"}],"wp:featuredmedia":[{"embeddable":true,"href":"https:\/\/www.visionweb.com.ar\/index.php?rest_route=\/wp\/v2\/media\/7706"}],"wp:attachment":[{"href":"https:\/\/www.visionweb.com.ar\/index.php?rest_route=%2Fwp%2Fv2%2Fmedia&parent=12187"}],"wp:term":[{"taxonomy":"category","embeddable":true,"href":"https:\/\/www.visionweb.com.ar\/index.php?rest_route=%2Fwp%2Fv2%2Fcategories&post=12187"},{"taxonomy":"post_tag","embeddable":true,"href":"https:\/\/www.visionweb.com.ar\/index.php?rest_route=%2Fwp%2Fv2%2Ftags&post=12187"}],"curies":[{"name":"wp","href":"https:\/\/api.w.org\/{rel}","templated":true}]}}