{"id":12183,"date":"2023-10-13T12:18:10","date_gmt":"2023-10-13T15:18:10","guid":{"rendered":"https:\/\/www.visionweb.com.ar\/?p=12183"},"modified":"2023-10-13T12:18:10","modified_gmt":"2023-10-13T15:18:10","slug":"el-gobierno-por-fin-confirmo-la-devolucion-del-iva-para-trabajadores-informales","status":"publish","type":"post","link":"https:\/\/www.visionweb.com.ar\/?p=12183","title":{"rendered":"El Gobierno por fin confirm\u00f3 la devoluci\u00f3n del IVA para\u00a0trabajadores informales"},"content":{"rendered":"<p><em><strong>Tendr\u00e1n la devoluci\u00f3n del IVA por comprar alimentos.<\/strong> <strong>Hasta el momento, el programa Compre sin IVA alcanzaba a trabajadores, monotributistas, jubilados, pensionados y titulares de la Asignaci\u00f3n Universal por Hijo (AUH).\u00a0<\/strong><\/em><strong>\u00a0<\/strong><!--more--><\/p>\n<p><img loading=\"lazy\" decoding=\"async\" class=\"size-medium wp-image-11914 alignright\" src=\"https:\/\/www.visionweb.com.ar\/wp-content\/uploads\/2023\/09\/bna-compre-sin-iva-264x300.png\" alt=\"\" width=\"264\" height=\"300\" srcset=\"https:\/\/www.visionweb.com.ar\/wp-content\/uploads\/2023\/09\/bna-compre-sin-iva-264x300.png 264w, https:\/\/www.visionweb.com.ar\/wp-content\/uploads\/2023\/09\/bna-compre-sin-iva.png 346w\" sizes=\"auto, (max-width: 264px) 100vw, 264px\" \/>\u00a0 <strong>E<\/strong>n las \u00faltimas horas el Gobierno nacional anunci\u00f3 que los dos millones de beneficiarios del programa de refuerzo para los trabajadores que se encuentran en la informalidad (IFE) ser\u00e1n incorporados al r\u00e9gimen de reintegros\u00a0<strong>\u00abCompre sin IVA\u00bb<\/strong>.<\/p>\n<p>Hasta el momento, el programa de\u00a0<strong>devoluci\u00f3n del IVA<\/strong>\u00a0alcanzaba a trabajadores, monotributistas, jubilados, pensionados y titulares de la Asignaci\u00f3n Universal por Hijo (AUH).<\/p>\n<p>La buena noticia sobre la devoluci\u00f3n del IVA es para los 2 millones de beneficiarios del\u00a0<strong>nuevo Refuerzo para trabajadores informales o IFE de Anses, que a partir del presente octubre, se incorpora a este programa de reintegros Compre sin\u00a0IVA.<\/strong><\/p>\n<p>De ser convertido en Ley, el programa de reintegro del IVA se mantendr\u00e1 de manera definitiva.\u00a0<strong>\u00abA los dos millones de beneficiaros del programa de refuerzo para las personas que trabajan en la informalidad vamos a incorporarlas al programa de devoluci\u00f3n del IVA\u00bb<\/strong>, dijo al respecto el ministro de Econom\u00eda de la Naci\u00f3n y candidato presidencial de\u00a0Uni\u00f3n por la Patria (UxP)<strong> Sergio Massa.<\/strong><\/p>\n<p>Se\u00f1al\u00f3 que la medida apunta a que \u00abde ac\u00e1 <strong>al 30 de diciembre<\/strong>, y si es ley definitivamente, puedan recibir tambi\u00e9n la devoluci\u00f3n del IVA cuando realizan compras de alimentos, medicamentos, bebidas, carne, verdura, fruta, productos de higiene y productos de higiene del hogar\u00bb.<\/p>\n<p><strong>\u00abQueremos que el esfuerzo que est\u00e1s haciendo venga acompa\u00f1ado de un esfuerzo del Estado, para que entre todos superemos el golpe al bolsillo que representa la inflaci\u00f3n, producto de la devaluaci\u00f3n que el FMI le impuso a la Argentina\u00bb<\/strong>, agreg\u00f3 Massa.<\/p>\n<p>El programa Compre sin IVA se puso en marcha el 18 de septiembre con vigencia hasta fin de a\u00f1o, para la devoluci\u00f3n del Impuesto al Valor Agregado en las compras de consumo realizadas con tarjeta de d\u00e9bito.<\/p>\n<p>De este modo, se devuelve hasta $18.800 por mes y por beneficiario, a quienes no excedan un ingreso equivalente a 6 haberes m\u00ednimos.<\/p>\n<p>Esta semana la C\u00e1mara de Diputados aprob\u00f3 y envi\u00f3 al Senado ese proyecto, en una votaci\u00f3n en la que bloques provinciales, los libertarios y la izquierda acompa\u00f1aron al Frente de Todos. <strong>(VW)<\/strong><\/p>\n","protected":false},"excerpt":{"rendered":"<p>Tendr\u00e1n la devoluci\u00f3n del IVA por comprar alimentos. Hasta el momento, el programa Compre sin IVA alcanzaba a trabajadores, monotributistas, jubilados, pensionados y titulares de la Asignaci\u00f3n Universal por Hijo (AUH).\u00a0\u00a0<\/p>\n","protected":false},"author":4,"featured_media":11914,"comment_status":"closed","ping_status":"closed","sticky":false,"template":"","format":"standard","meta":{"_monsterinsights_skip_tracking":false,"_monsterinsights_sitenote_active":false,"_monsterinsights_sitenote_note":"","_monsterinsights_sitenote_category":0,"footnotes":""},"categories":[6,5],"tags":[5075,869,5065],"class_list":["post-12183","post","type-post","status-publish","format-standard","has-post-thumbnail","hentry","category-economia","category-sociedad","tag-incluidos-en-compre-sin-iva","tag-massa","tag-trabajadores-informales"],"_links":{"self":[{"href":"https:\/\/www.visionweb.com.ar\/index.php?rest_route=\/wp\/v2\/posts\/12183","targetHints":{"allow":["GET"]}}],"collection":[{"href":"https:\/\/www.visionweb.com.ar\/index.php?rest_route=\/wp\/v2\/posts"}],"about":[{"href":"https:\/\/www.visionweb.com.ar\/index.php?rest_route=\/wp\/v2\/types\/post"}],"author":[{"embeddable":true,"href":"https:\/\/www.visionweb.com.ar\/index.php?rest_route=\/wp\/v2\/users\/4"}],"replies":[{"embeddable":true,"href":"https:\/\/www.visionweb.com.ar\/index.php?rest_route=%2Fwp%2Fv2%2Fcomments&post=12183"}],"version-history":[{"count":1,"href":"https:\/\/www.visionweb.com.ar\/index.php?rest_route=\/wp\/v2\/posts\/12183\/revisions"}],"predecessor-version":[{"id":12184,"href":"https:\/\/www.visionweb.com.ar\/index.php?rest_route=\/wp\/v2\/posts\/12183\/revisions\/12184"}],"wp:featuredmedia":[{"embeddable":true,"href":"https:\/\/www.visionweb.com.ar\/index.php?rest_route=\/wp\/v2\/media\/11914"}],"wp:attachment":[{"href":"https:\/\/www.visionweb.com.ar\/index.php?rest_route=%2Fwp%2Fv2%2Fmedia&parent=12183"}],"wp:term":[{"taxonomy":"category","embeddable":true,"href":"https:\/\/www.visionweb.com.ar\/index.php?rest_route=%2Fwp%2Fv2%2Fcategories&post=12183"},{"taxonomy":"post_tag","embeddable":true,"href":"https:\/\/www.visionweb.com.ar\/index.php?rest_route=%2Fwp%2Fv2%2Ftags&post=12183"}],"curies":[{"name":"wp","href":"https:\/\/api.w.org\/{rel}","templated":true}]}}