{"id":12170,"date":"2023-10-13T10:05:44","date_gmt":"2023-10-13T13:05:44","guid":{"rendered":"https:\/\/www.visionweb.com.ar\/?p=12170"},"modified":"2023-10-13T10:05:44","modified_gmt":"2023-10-13T13:05:44","slug":"se-viene-la-noche-de-los-libros-a-lanus","status":"publish","type":"post","link":"https:\/\/www.visionweb.com.ar\/?p=12170","title":{"rendered":"Se viene \u201cLa Noche de los Libros\u201d a Lan\u00fas"},"content":{"rendered":"<p><em><strong>Ser\u00e1 este fin de semana en el MACU. Habr\u00e1 charlas literarias y entrevistas, presentaciones de libros, mesas de escritores, venta y exposici\u00f3n de libros, lectura de poes\u00edas, propuestas para los chicos y hasta bandas musicales.<\/strong><\/em><!--more--><\/p>\n<p><img loading=\"lazy\" decoding=\"async\" class=\"size-medium wp-image-12171 alignright\" src=\"https:\/\/www.visionweb.com.ar\/wp-content\/uploads\/2023\/10\/la-noche-de-los-libros-macu-285x300.png\" alt=\"\" width=\"285\" height=\"300\" srcset=\"https:\/\/www.visionweb.com.ar\/wp-content\/uploads\/2023\/10\/la-noche-de-los-libros-macu-285x300.png 285w, https:\/\/www.visionweb.com.ar\/wp-content\/uploads\/2023\/10\/la-noche-de-los-libros-macu.png 384w\" sizes=\"auto, (max-width: 285px) 100vw, 285px\" \/>\u00a0 <strong>E<\/strong>l Municipio de Lan\u00fas realizar\u00e1 una nueva edici\u00f3n de <strong>La Noche de los Libros<\/strong> este fin de semana del s\u00e1bado 14 y el domingo 15 de octubre, en la que los vecinos podr\u00e1n disfrutar charlas sobre literatura y distintas propuestas infantiles, con entrada libre y gratuita.<\/p>\n<p>Ambas jornadas comenzar\u00e1n a las\u00a0<strong>17 horas<\/strong> y finalizar\u00e1n con la presentaci\u00f3n en vivo de las bandas Reggadores y Betelgeuse, en el <strong>espacio cultural MACU<\/strong> situado en avenida 25 de Mayo 131, Lan\u00fas Oeste, conforme indic\u00f3 Prensa de la Comuna.<\/p>\n<p>El cronograma de actividades ser\u00e1 el siguiente:<\/p>\n<p><strong>S\u00e1bado 14<\/strong><\/p>\n<ul>\n<li>A las 17 horas: lectura con las autoras Norma Irigoyen y Mirta Rodr\u00edguez.<\/li>\n<li>A las 17.30 horas: actividad literaria So\u00f1ar Despierto.<\/li>\n<li>A las 18 horas: Mesa de Novela Rom\u00e1ntica Contempor\u00e1nea: Amor en los tiempos modernos, con Andre Lago, Claudia Morales y Luc\u00eda San Mart\u00edn.<\/li>\n<li>A las 18.30 horas: Novela Juvenil Rom\u00e1ntica: C\u00f3mo enamorar al lector con Mila Katerynicz, Chiara F. Citterio, Lisandro Urquiza y Mar\u00eda Macarena Rodr\u00edguez Comesa\u00f1a.<\/li>\n<li>A las 19.30 horas: charla con Celina Cocimano. Descubriendo tu pasi\u00f3n: El poder de seguir tus sue\u00f1os.<\/li>\n<li>A las 20.30 horas: Mesa de Novela Hist\u00f3rica: La vigencia de la Novela Hist\u00f3rica &#8211; El encanto de otros tiempos con Gabriela Romero, Mirta Antelo y Demetrio L\u00f3pez.<\/li>\n<li>A las 21 horas: cierre a cargo del grupo musical Reggadores.<\/li>\n<\/ul>\n<p><strong><img loading=\"lazy\" decoding=\"async\" class=\"size-medium wp-image-12172 alignleft\" src=\"https:\/\/www.visionweb.com.ar\/wp-content\/uploads\/2023\/10\/la-noche-libros-macu-dom-288x300.png\" alt=\"\" width=\"288\" height=\"300\" srcset=\"https:\/\/www.visionweb.com.ar\/wp-content\/uploads\/2023\/10\/la-noche-libros-macu-dom-288x300.png 288w, https:\/\/www.visionweb.com.ar\/wp-content\/uploads\/2023\/10\/la-noche-libros-macu-dom.png 388w\" sizes=\"auto, (max-width: 288px) 100vw, 288px\" \/>Domingo 15<\/strong><\/p>\n<ul>\n<li>A las 17 horas: lectura con Gloria Su\u00e1rez: Vivir Esperando.<\/li>\n<li>A las 17.30 horas: lectura con Edgardo Sosa Palet: Cuentos de vidas, muertes y despu\u00e9s de la muerte.<\/li>\n<li>A las 18 horas: Actividad infantil en Patio: De todo un poco, de coraz\u00f3n a coraz\u00f3n con Alicia Fabiana G\u00f3mez. Tambi\u00e9n habr\u00e1 una charla sobre Literatura Juvenil: \u00bfQu\u00e9 se lee y qu\u00e9 se escribe? con Paulina Maggi y Paula Toro.<\/li>\n<li>A las 18.30 horas: charla de la Sociedad Argentina de Escritores Lan\u00fas (SADE).<\/li>\n<li>A las 19 horas: Diego Remussi presenta sus libros de leyendas.<\/li>\n<li>A las 19.30 horas: Charla con Celina Cocimano. El poder de la mente: C\u00f3mo cambiar tu realidad.<\/li>\n<li>A las 20.30 horas: Charla con Lisandro Urquiza y Mariano Rodr\u00edguez sobre Historias de amor escritas por hombres.<\/li>\n<li>A las 21 horas: Cierre a cargo de la banda Betelgeuse. <strong>(VW)<\/strong><\/li>\n<\/ul>\n","protected":false},"excerpt":{"rendered":"<p>Ser\u00e1 este fin de semana en el MACU. Habr\u00e1 charlas literarias y entrevistas, presentaciones de libros, mesas de escritores, venta y exposici\u00f3n de libros, lectura de poes\u00edas, propuestas para los chicos y hasta bandas&#46;&#46;&#46;<\/p>\n","protected":false},"author":4,"featured_media":12172,"comment_status":"closed","ping_status":"closed","sticky":false,"template":"","format":"standard","meta":{"_monsterinsights_skip_tracking":false,"_monsterinsights_sitenote_active":false,"_monsterinsights_sitenote_note":"","_monsterinsights_sitenote_category":0,"footnotes":""},"categories":[8],"tags":[5070,3623,2824],"class_list":["post-12170","post","type-post","status-publish","format-standard","has-post-thumbnail","hentry","category-interes-general","tag-espacio-cultural-macu","tag-la-noche-de-los-libros","tag-municipio-de-lanus"],"_links":{"self":[{"href":"https:\/\/www.visionweb.com.ar\/index.php?rest_route=\/wp\/v2\/posts\/12170","targetHints":{"allow":["GET"]}}],"collection":[{"href":"https:\/\/www.visionweb.com.ar\/index.php?rest_route=\/wp\/v2\/posts"}],"about":[{"href":"https:\/\/www.visionweb.com.ar\/index.php?rest_route=\/wp\/v2\/types\/post"}],"author":[{"embeddable":true,"href":"https:\/\/www.visionweb.com.ar\/index.php?rest_route=\/wp\/v2\/users\/4"}],"replies":[{"embeddable":true,"href":"https:\/\/www.visionweb.com.ar\/index.php?rest_route=%2Fwp%2Fv2%2Fcomments&post=12170"}],"version-history":[{"count":1,"href":"https:\/\/www.visionweb.com.ar\/index.php?rest_route=\/wp\/v2\/posts\/12170\/revisions"}],"predecessor-version":[{"id":12173,"href":"https:\/\/www.visionweb.com.ar\/index.php?rest_route=\/wp\/v2\/posts\/12170\/revisions\/12173"}],"wp:featuredmedia":[{"embeddable":true,"href":"https:\/\/www.visionweb.com.ar\/index.php?rest_route=\/wp\/v2\/media\/12172"}],"wp:attachment":[{"href":"https:\/\/www.visionweb.com.ar\/index.php?rest_route=%2Fwp%2Fv2%2Fmedia&parent=12170"}],"wp:term":[{"taxonomy":"category","embeddable":true,"href":"https:\/\/www.visionweb.com.ar\/index.php?rest_route=%2Fwp%2Fv2%2Fcategories&post=12170"},{"taxonomy":"post_tag","embeddable":true,"href":"https:\/\/www.visionweb.com.ar\/index.php?rest_route=%2Fwp%2Fv2%2Ftags&post=12170"}],"curies":[{"name":"wp","href":"https:\/\/api.w.org\/{rel}","templated":true}]}}