{"id":12158,"date":"2023-10-12T13:28:08","date_gmt":"2023-10-12T16:28:08","guid":{"rendered":"https:\/\/www.visionweb.com.ar\/?p=12158"},"modified":"2023-10-12T13:49:45","modified_gmt":"2023-10-12T16:49:45","slug":"came-destaca-el-nuevo-alivio-fiscal-para-pymes-anunciado-por-afip","status":"publish","type":"post","link":"https:\/\/www.visionweb.com.ar\/?p=12158","title":{"rendered":"CAME destaca el nuevo alivio fiscal para pymes anunciado por AFIP"},"content":{"rendered":"<p><strong><em>La situaci\u00f3n gener\u00f3 que a casi 180.000 empresas se les haya triplicado el valor de la cuota y de la deuda, debido a que la tasa Badlar en ese momento estaba alrededor del 78% anual.<\/em><\/strong><!--more--><\/p>\n<p><strong><img loading=\"lazy\" decoding=\"async\" class=\"size-medium wp-image-7939 alignright\" src=\"https:\/\/www.visionweb.com.ar\/wp-content\/uploads\/2022\/10\/INDUSTRIAS-PYMES-300x168.png\" alt=\"\" width=\"300\" height=\"168\" srcset=\"https:\/\/www.visionweb.com.ar\/wp-content\/uploads\/2022\/10\/INDUSTRIAS-PYMES-300x168.png 300w, https:\/\/www.visionweb.com.ar\/wp-content\/uploads\/2022\/10\/INDUSTRIAS-PYMES.png 640w\" sizes=\"auto, (max-width: 300px) 100vw, 300px\" \/><\/strong><b>L<\/b>a Administraci\u00f3n Federal de Ingresos P\u00fablicos (AFIP), dispuso este viernes prorrogar hasta el 16 abril de 2024 la actualizan que se deber\u00eda realizar el pr\u00f3ximo 16 de octubre de las tasas de inter\u00e9s aplicadas al plan de moratoria al que adhirieron las micro, peque\u00f1as y medianas empresas.<\/p>\n<p>En ese sentido la Confederaci\u00f3n Argentina de la Mediana Empresa (CAME) destac\u00f3 el alivio fiscal para ese segmento de la producci\u00f3n, dispuesto por la Administraci\u00f3n Federal de Ingresos P\u00fablicos (AFIP) mediante la Resoluci\u00f3n General N\u00b0 5431, referida a las\u00a0 modificaciones en la tasa Badlar para mipymes que adhirieron al plan de facilidades de pago se abri\u00f3 en noviembre de 2021 en cumplimiento de la Ley 27.653 de \u201cAlivio fiscal para fortalecer la salida econ\u00f3mica y social de la pandemia generada por el COVID-19\u201d.<\/p>\n<p>En ese entonces, a trav\u00e9s de la Resoluci\u00f3n General N\u00b0 5101, se dispuso que aquellas mipymes que hubieran adherido a dicho plan abonaran desde abril de 2022 hasta marzo de 2023 una tasa fija del 1,5% mensual. A partir de la cuota 13, el 16 de abril de este a\u00f1o, se comenz\u00f3 a aplicar la tasa Badlar, que es la que se usa entre los bancos.<\/p>\n<p>Esta situaci\u00f3n gener\u00f3 que a casi 180.000 empresas se les haya triplicado el valor de la cuota y de la deuda, debido a que la tasa Badlar en ese momento estaba alrededor del 78% anual.<\/p>\n<p>A partir de la nueva resoluci\u00f3n de AFIP se\u00a0 postergar\u00e1 hasta abril de 2024 la actualizaci\u00f3n que deb\u00eda realizarse el 16 de octubre pr\u00f3ximo y que implicar\u00eda un incremento de las cuotas de alrededor del 40%, debido a que la actual tasa Badlar ronda el 118% anual.\u00a0Por ende, por el pr\u00f3ximo semestre se continuar\u00e1 con la tasa Badlar de alrededor del 78% anual.<\/p>\n<p>A su vez, se estableci\u00f3 que a partir de abril de 2024 el ajuste en el valor de las cuotas ser\u00e1 anual y no semestral.<\/p>\n<p>En un contexto de ca\u00edda del consumo y de falta de liquidez, CAME apoya esta decisi\u00f3n de AFIP que beneficiar\u00e1 a todas las pymes que hayan adherido al plan de facilidades de pago definido por la ley aprobada durante la pandemia y que suman 155.888 microempresas y 21.501 peque\u00f1as empresas<\/p>\n<p><strong>CGERA<\/strong><\/p>\n<p>En ese mismo sentido se pronunci\u00f3 tambi\u00e9n la Confederaci\u00f3n General Econ\u00f3mica de la Rep\u00fablica Argentina (CGERA), al respaldar la medida del organismo recaudador y resalt\u00f3 el alivio para pymes, micro pymes, peque\u00f1os contribuyentes y entidades sin fines de lucro del Gobierno, que implica una pr\u00f3rroga por seis meses al valor de la cuota de la deuda con AFIP.<\/p>\n<p>En este sentido, el Presidente de CGERA, Marcelo Fern\u00e1ndez, se refiri\u00f3 a la medida que beneficiar\u00e1 a m\u00e1s de 189.000 pymes, micropymes, peque\u00f1os contribuyentes y entidades sin fines de lucro, al sostener que \u00abtodas las medidas que tiendan a generar alivios fiscales para las Pymes ser\u00e1n acompa\u00f1adas por CGERA\u00bb. \u00abEs un nuevo paso para generar mejores condiciones para seguir produciendo\u00bb, agreg\u00f3.<\/p>\n<p>Adem\u00e1s, Fern\u00e1ndez record\u00f3 que \u00abes otra medida m\u00e1s de alivio como la aplicada en el impuesto al cheque, el hecho de facilitar el de las SIRA (Sistema de Importaciones de l Rep\u00fablica Argentina) o la baja de impuesto en las Ganancias para mejorar el consumo\u00bb.<\/p>\n<p>De esta manera, a partir de la Resoluci\u00f3n General de la AFIP 5431, \u00abdurante los pr\u00f3ximos seis meses, el valor de la cuota se mantendr\u00e1 igual a la que ven\u00edan pagando las pymes\u00bb<strong>(VW)<\/strong>.<\/p>\n<p>&nbsp;<\/p>\n<p>&nbsp;<\/p>\n","protected":false},"excerpt":{"rendered":"<p>La situaci\u00f3n gener\u00f3 que a casi 180.000 empresas se les haya triplicado el valor de la cuota y de la deuda, debido a que la tasa Badlar en ese momento estaba alrededor del 78%&#46;&#46;&#46;<\/p>\n","protected":false},"author":3,"featured_media":7939,"comment_status":"closed","ping_status":"closed","sticky":false,"template":"","format":"standard","meta":{"_monsterinsights_skip_tracking":false,"_monsterinsights_sitenote_active":false,"_monsterinsights_sitenote_note":"","_monsterinsights_sitenote_category":0,"footnotes":""},"categories":[749],"tags":[881,563,2302,909,217],"class_list":["post-12158","post","type-post","status-publish","format-standard","has-post-thumbnail","hentry","category-pymes","tag-afip","tag-cgera","tag-interes","tag-moratoria","tag-tasas"],"_links":{"self":[{"href":"https:\/\/www.visionweb.com.ar\/index.php?rest_route=\/wp\/v2\/posts\/12158","targetHints":{"allow":["GET"]}}],"collection":[{"href":"https:\/\/www.visionweb.com.ar\/index.php?rest_route=\/wp\/v2\/posts"}],"about":[{"href":"https:\/\/www.visionweb.com.ar\/index.php?rest_route=\/wp\/v2\/types\/post"}],"author":[{"embeddable":true,"href":"https:\/\/www.visionweb.com.ar\/index.php?rest_route=\/wp\/v2\/users\/3"}],"replies":[{"embeddable":true,"href":"https:\/\/www.visionweb.com.ar\/index.php?rest_route=%2Fwp%2Fv2%2Fcomments&post=12158"}],"version-history":[{"count":4,"href":"https:\/\/www.visionweb.com.ar\/index.php?rest_route=\/wp\/v2\/posts\/12158\/revisions"}],"predecessor-version":[{"id":12162,"href":"https:\/\/www.visionweb.com.ar\/index.php?rest_route=\/wp\/v2\/posts\/12158\/revisions\/12162"}],"wp:featuredmedia":[{"embeddable":true,"href":"https:\/\/www.visionweb.com.ar\/index.php?rest_route=\/wp\/v2\/media\/7939"}],"wp:attachment":[{"href":"https:\/\/www.visionweb.com.ar\/index.php?rest_route=%2Fwp%2Fv2%2Fmedia&parent=12158"}],"wp:term":[{"taxonomy":"category","embeddable":true,"href":"https:\/\/www.visionweb.com.ar\/index.php?rest_route=%2Fwp%2Fv2%2Fcategories&post=12158"},{"taxonomy":"post_tag","embeddable":true,"href":"https:\/\/www.visionweb.com.ar\/index.php?rest_route=%2Fwp%2Fv2%2Ftags&post=12158"}],"curies":[{"name":"wp","href":"https:\/\/api.w.org\/{rel}","templated":true}]}}